{"id":8170,"date":"2022-12-20T15:34:55","date_gmt":"2022-12-20T14:34:55","guid":{"rendered":"https:\/\/www.afis.africa\/?post_type=insight&#038;p=8170"},"modified":"2025-09-18T16:04:15","modified_gmt":"2025-09-18T16:04:15","slug":"communique-de-presse-cloture","status":"publish","type":"post","link":"https:\/\/www.afis.africa\/fr\/communique-de-presse-cloture\/","title":{"rendered":"COMMUNIQU\u00c9 DE PRESSE : PANEL DE CL\u00d4TURE AFIS 2022"},"content":{"rendered":"\n<p class=\"has-text-align-center\"><strong>AFIS 2022 SE CONCLUT SUR UN ENGAGEMENT EN FAVEUR DE L&#8217;IMPACT ET DE L&#8217;IMPL\u00c9MENTATION D&#8217;UN AGENDA AMBITIEUX POUR LA SOUVERAINET\u00c9 FINANCI\u00c8RE AFRICAINE<\/strong><\/p>\n\n\n\n<p><\/p>\n\n\n\n<p><strong>Lom\u00e9, le 30 novembre 2022 &#8211;<\/strong> En pr\u00e9sence de nombreuses personnalit\u00e9s de premier plan de la communaut\u00e9 financi\u00e8re africaine, la c\u00e9r\u00e9monie de cl\u00f4ture a sonn\u00e9 la fin de l\u2019\u00e9dition 2022 de l\u2019Africa Financial Industry Summit &#8211; AFIS. Rassemblant \u00e0 Lom\u00e9 plus de 800 d\u00e9cideurs du secteur financier venus de toute l\u2019Afrique et de l\u2019international, AFIS 2022 a permis de jeter les bases d\u2019une organisation concr\u00e8te qui contribue \u00e0 la relance \u00e9conomique du continent et au d\u00e9veloppement d\u2019une industrie financi\u00e8re comp\u00e9titive, innovante, inclusive et durable. <\/p>\n\n\n\n<p>Pendant ces deux jours d\u2019\u00e9changes et de d\u00e9bats, banquiers, assureurs, fintech, Ministres, Gouverneurs de Banque centrale et dirigeants d\u2019autorit\u00e9 de r\u00e9gulation sont intervenus au cours de plus d\u2019une trentaine de panels mais aussi de nombreuses tables rondes en comit\u00e9 restreint. Ces rencontres ont \u00e9t\u00e9 l\u2019occasion d\u2019\u00e9changer constats et propositions sur les grands enjeux auxquels fait face l\u2019industrie financi\u00e8re africaine. Les recommandations issues de ces sessions seront publi\u00e9es afin de donner une voix \u00e0 l\u2019industrie financi\u00e8re africaine dans les d\u00e9bats continentaux et internationaux. <\/p>\n\n\n\n<p>Plateforme de dialogue public-priv\u00e9 au service du d\u00e9veloppement d\u2019une industrie financi\u00e8re africaine souveraine, inclusive et innovante, AFIS s\u2019est fix\u00e9 l\u2019objectif de construire un dialogue permanent entre les banques commerciales, les fintechs, les institutions financi\u00e8res de d\u00e9veloppement, les assureurs, les op\u00e9rateurs de mobile money et les r\u00e9gulateurs pour l\u2019ensemble du continent.<\/p>\n\n\n\n<p>Les participants ont pu \u00e9changer en direct afin de s\u2019entendre sur la r\u00e9glementation des fintechs et des crypto-monnaies, de promouvoir l\u2019int\u00e9gration r\u00e9gionale \u00e0 travers la ZLECAf et les Syst\u00e8me de Paiement et de R\u00e8glement Panafricain, et pour maximiser les opportunit\u00e9s dans la finance verte, les march\u00e9s boursiers et l\u2019innovation, tout en prot\u00e9geant les donn\u00e9es des citoyens et en \u00e9largissant l\u2019inclusion financi\u00e8re.<\/p>\n\n\n\n<blockquote class=\"wp-block-quote is-layout-flow wp-block-quote-is-layout-flow\">\n<p>Il est n\u00e9cessaire de cr\u00e9er des flux intra africains et de changer d\u2019\u00e9tat d\u2019esprit pour travailler en \u00e9quipe: banques, interm\u00e9diaires, startup, r\u00e9gulateurs&#8230; Nous devons nous assoir ensemble et collaborer sur des th\u00e9matiques et d\u00e9fis communs, unir nos voix pour peser sur les r\u00e9glementations internationales qui s\u2019imposent \u00e0 nous sans toujours tenir compte des sp\u00e9cificit\u00e9s africaines. Les \u00e9changes auxquels nous avons assist\u00e9 me confortent dans l\u2019id\u00e9e qu\u2019AFIS a d\u2019ores et d\u00e9j\u00e0 trouv\u00e9 sa place dans les grands d\u00e9bats africains\u00bb, a d\u00e9clar\u00e9 <strong>Amir Ben Yahmed, Directeur g\u00e9n\u00e9ral de Jeune Afrique Media Group et Pr\u00e9sident de l\u2019Africa CEO Forum, co-fondateurs d\u2019AFIS.<\/strong><\/p>\n<\/blockquote>\n\n\n\n<blockquote class=\"wp-block-quote is-layout-flow wp-block-quote-is-layout-flow\">\n<p>Lors de notre prochaine rencontre, j\u2019aimerais constater des progr\u00e8s sur les march\u00e9s financiers -comment nous les utilisons, quel cadre commun nous mettons en place \u2013et sur la question du mobile money, avec une meilleure clart\u00e9 sur les r\u00e8glementations en \u0153uvre\u00bb, a d\u00e9clar\u00e9 <strong>Dr. Denny KALYALYA, Gouverneur et Pr\u00e9sident du Conseil d\u2019administration, Banque centrale de Zambie.<\/strong><\/p>\n<\/blockquote>\n\n\n\n<blockquote class=\"wp-block-quote is-layout-flow wp-block-quote-is-layout-flow\">\n<p>Entre nous autres, r\u00e9gulateurs, et dirigeants du secteur priv\u00e9, la prochaine fois que nous nous r\u00e9unirons, nous devrons comprendre la n\u00e9cessit\u00e9 de trouver ensemble des solutions pour \u00e9tablir une industrie financi\u00e8re durable et porteuse d\u2019inclusion\u00bb, a d\u00e9clar\u00e9 <strong>John RWANGOMBWA, Gouverneur, Banque Nationale du Rwanda.<\/strong><\/p>\n<\/blockquote>\n\n\n\n<blockquote class=\"wp-block-quote is-layout-flow wp-block-quote-is-layout-flow\">\n<p>L\u2019ann\u00e9e prochaine, nous nous retrouverons au-del\u00e0 des questions conjoncturelles qui nous ont mobilis\u00e9s cette ann\u00e9e et concentrer nos discussions sur le financement de nos \u00e9conomies, l\u2019inclusion et d\u2019autres secteurs comme le microcr\u00e9dit et la num\u00e9risation\u00bb, a d\u00e9clar\u00e9 <strong>Jean-Claude Kassi BROU, Gouverneur, Banque Centrale des \u00c9tats de l\u2019Afrique de l\u2019Ouest (BCEAO).<\/strong><\/p>\n<\/blockquote>\n\n\n\n<p>Marqu\u00e9 par la pr\u00e9sence d\u2019une vingtaine de dirigeants d\u2019autorit\u00e9s de r\u00e9gulation et de Ministres, AFIS 2022 a \u00e9galement accueilli les membres des comit\u00e9s ex\u00e9cutifs des plus grands groupes financiers du continent : IFC, Ecobank, NSIA, Sunu, Bank of Africa, Attijariwafa Bank, Allianz, BOAD, Equity Bank, First Bank of Nigeria, Wafa Assurance, Sanlam, Coris, Oragroup, Citi, Rawbank, Visa, Africa 50, FMO, BIDC, etc..<\/p>\n\n\n\n<p class=\"has-text-align-center\"><strong><a href=\"https:\/\/www.flickr.com\/photos\/196965448@N04\/\">L&#8217;EVENEMENT EN PHOTOS<\/a><\/strong><\/p>\n","protected":false},"excerpt":{"rendered":"<p>AFIS 2022 SE CONCLUT SUR UN ENGAGEMENT EN FAVEUR DE L&#8217;IMPACT ET DE L&#8217;IMPL\u00c9MENTATION D&#8217;UN AGENDA AMBITIEUX POUR LA SOUVERAINET\u00c9 FINANCI\u00c8RE AFRICAINE Lom\u00e9, le 30 novembre 2022 &#8211; En pr\u00e9sence de nombreuses personnalit\u00e9s de premier plan de la communaut\u00e9 financi\u00e8re africaine, la c\u00e9r\u00e9monie de cl\u00f4ture a sonn\u00e9 la fin de l\u2019\u00e9dition 2022 de l\u2019Africa Financial [&hellip;]<\/p>\n","protected":false},"author":3,"featured_media":17830,"comment_status":"closed","ping_status":"closed","sticky":false,"template":"","format":"standard","meta":{"_acf_changed":false,"footnotes":""},"categories":[89,1],"tags":[],"class_list":["post-8170","post","type-post","status-publish","format-standard","has-post-thumbnail","hentry","category-communique-presse","category-no-category"],"acf":[],"yoast_head":"<!-- This site is optimized with the Yoast SEO plugin v27.3 - https:\/\/yoast.com\/product\/yoast-seo-wordpress\/ -->\n<title>COMMUNIQU\u00c9 DE PRESSE : PANEL DE CL\u00d4TURE AFIS 2022 - The African Financial Summit Platform<\/title>\n<meta name=\"robots\" content=\"index, follow, max-snippet:-1, max-image-preview:large, max-video-preview:-1\" \/>\n<link rel=\"canonical\" href=\"https:\/\/www.afis.africa\/fr\/communique-de-presse-cloture\/\" \/>\n<meta property=\"og:locale\" content=\"fr_FR\" \/>\n<meta property=\"og:type\" content=\"article\" \/>\n<meta property=\"og:title\" content=\"COMMUNIQU\u00c9 DE PRESSE : PANEL DE CL\u00d4TURE AFIS 2022 - The African Financial Summit Platform\" \/>\n<meta property=\"og:description\" content=\"AFIS 2022 SE CONCLUT SUR UN ENGAGEMENT EN FAVEUR DE L&#8217;IMPACT ET DE L&#8217;IMPL\u00c9MENTATION D&#8217;UN AGENDA AMBITIEUX POUR LA SOUVERAINET\u00c9 FINANCI\u00c8RE AFRICAINE Lom\u00e9, le 30 novembre 2022 &#8211; En pr\u00e9sence de nombreuses personnalit\u00e9s de premier plan de la communaut\u00e9 financi\u00e8re africaine, la c\u00e9r\u00e9monie de cl\u00f4ture a sonn\u00e9 la fin de l\u2019\u00e9dition 2022 de l\u2019Africa Financial [&hellip;]\" \/>\n<meta property=\"og:url\" content=\"https:\/\/www.afis.africa\/fr\/communique-de-presse-cloture\/\" \/>\n<meta property=\"og:site_name\" content=\"The African Financial Summit Platform\" \/>\n<meta property=\"article:published_time\" content=\"2022-12-20T14:34:55+00:00\" \/>\n<meta property=\"article:modified_time\" content=\"2025-09-18T16:04:15+00:00\" \/>\n<meta property=\"og:image\" content=\"https:\/\/www.afis.africa\/wp-content\/uploads\/2022\/12\/20-Dec-2022-PRESS-RELEASE-CLOSING-PANEL-AFIS-2022-Ajouter-une-colonne.png\" \/>\n\t<meta property=\"og:image:width\" content=\"1920\" \/>\n\t<meta property=\"og:image:height\" content=\"1080\" \/>\n\t<meta property=\"og:image:type\" content=\"image\/png\" \/>\n<meta name=\"author\" content=\"Nadia AYARI\" \/>\n<meta name=\"twitter:card\" content=\"summary_large_image\" \/>\n<meta name=\"twitter:label1\" content=\"\u00c9crit par\" \/>\n\t<meta name=\"twitter:data1\" content=\"Nadia AYARI\" \/>\n\t<meta name=\"twitter:label2\" content=\"Dur\u00e9e de lecture estim\u00e9e\" \/>\n\t<meta name=\"twitter:data2\" content=\"2 minutes\" \/>\n<script type=\"application\/ld+json\" class=\"yoast-schema-graph\">{\"@context\":\"https:\\\/\\\/schema.org\",\"@graph\":[{\"@type\":\"Article\",\"@id\":\"https:\\\/\\\/www.afis.africa\\\/fr\\\/communique-de-presse-cloture\\\/#article\",\"isPartOf\":{\"@id\":\"https:\\\/\\\/www.afis.africa\\\/fr\\\/communique-de-presse-cloture\\\/\"},\"author\":{\"name\":\"Nadia AYARI\",\"@id\":\"https:\\\/\\\/www.afis.africa\\\/fr\\\/#\\\/schema\\\/person\\\/eceaa7dfc9d3878f3b005cf1b6d6f1ae\"},\"headline\":\"COMMUNIQU\u00c9 DE PRESSE : PANEL DE CL\u00d4TURE AFIS 2022\",\"datePublished\":\"2022-12-20T14:34:55+00:00\",\"dateModified\":\"2025-09-18T16:04:15+00:00\",\"mainEntityOfPage\":{\"@id\":\"https:\\\/\\\/www.afis.africa\\\/fr\\\/communique-de-presse-cloture\\\/\"},\"wordCount\":720,\"publisher\":{\"@id\":\"https:\\\/\\\/www.afis.africa\\\/fr\\\/#organization\"},\"image\":{\"@id\":\"https:\\\/\\\/www.afis.africa\\\/fr\\\/communique-de-presse-cloture\\\/#primaryimage\"},\"thumbnailUrl\":\"https:\\\/\\\/www.afis.africa\\\/wp-content\\\/uploads\\\/2022\\\/12\\\/20-Dec-2022-PRESS-RELEASE-CLOSING-PANEL-AFIS-2022-Ajouter-une-colonne.png\",\"articleSection\":[\"Communiqu\u00e9 de presse\",\"No category\"],\"inLanguage\":\"fr-FR\"},{\"@type\":\"WebPage\",\"@id\":\"https:\\\/\\\/www.afis.africa\\\/fr\\\/communique-de-presse-cloture\\\/\",\"url\":\"https:\\\/\\\/www.afis.africa\\\/fr\\\/communique-de-presse-cloture\\\/\",\"name\":\"COMMUNIQU\u00c9 DE PRESSE : PANEL DE CL\u00d4TURE AFIS 2022 - The African Financial Summit Platform\",\"isPartOf\":{\"@id\":\"https:\\\/\\\/www.afis.africa\\\/fr\\\/#website\"},\"primaryImageOfPage\":{\"@id\":\"https:\\\/\\\/www.afis.africa\\\/fr\\\/communique-de-presse-cloture\\\/#primaryimage\"},\"image\":{\"@id\":\"https:\\\/\\\/www.afis.africa\\\/fr\\\/communique-de-presse-cloture\\\/#primaryimage\"},\"thumbnailUrl\":\"https:\\\/\\\/www.afis.africa\\\/wp-content\\\/uploads\\\/2022\\\/12\\\/20-Dec-2022-PRESS-RELEASE-CLOSING-PANEL-AFIS-2022-Ajouter-une-colonne.png\",\"datePublished\":\"2022-12-20T14:34:55+00:00\",\"dateModified\":\"2025-09-18T16:04:15+00:00\",\"breadcrumb\":{\"@id\":\"https:\\\/\\\/www.afis.africa\\\/fr\\\/communique-de-presse-cloture\\\/#breadcrumb\"},\"inLanguage\":\"fr-FR\",\"potentialAction\":[{\"@type\":\"ReadAction\",\"target\":[\"https:\\\/\\\/www.afis.africa\\\/fr\\\/communique-de-presse-cloture\\\/\"]}]},{\"@type\":\"ImageObject\",\"inLanguage\":\"fr-FR\",\"@id\":\"https:\\\/\\\/www.afis.africa\\\/fr\\\/communique-de-presse-cloture\\\/#primaryimage\",\"url\":\"https:\\\/\\\/www.afis.africa\\\/wp-content\\\/uploads\\\/2022\\\/12\\\/20-Dec-2022-PRESS-RELEASE-CLOSING-PANEL-AFIS-2022-Ajouter-une-colonne.png\",\"contentUrl\":\"https:\\\/\\\/www.afis.africa\\\/wp-content\\\/uploads\\\/2022\\\/12\\\/20-Dec-2022-PRESS-RELEASE-CLOSING-PANEL-AFIS-2022-Ajouter-une-colonne.png\",\"width\":1920,\"height\":1080},{\"@type\":\"BreadcrumbList\",\"@id\":\"https:\\\/\\\/www.afis.africa\\\/fr\\\/communique-de-presse-cloture\\\/#breadcrumb\",\"itemListElement\":[{\"@type\":\"ListItem\",\"position\":1,\"name\":\"Home\",\"item\":\"https:\\\/\\\/www.afis.africa\\\/fr\\\/\"},{\"@type\":\"ListItem\",\"position\":2,\"name\":\"COMMUNIQU\u00c9 DE PRESSE : PANEL DE CL\u00d4TURE AFIS 2022\"}]},{\"@type\":\"WebSite\",\"@id\":\"https:\\\/\\\/www.afis.africa\\\/fr\\\/#website\",\"url\":\"https:\\\/\\\/www.afis.africa\\\/fr\\\/\",\"name\":\"The African Financial Summit Platform\",\"description\":\"\",\"publisher\":{\"@id\":\"https:\\\/\\\/www.afis.africa\\\/fr\\\/#organization\"},\"potentialAction\":[{\"@type\":\"SearchAction\",\"target\":{\"@type\":\"EntryPoint\",\"urlTemplate\":\"https:\\\/\\\/www.afis.africa\\\/fr\\\/?s={search_term_string}\"},\"query-input\":{\"@type\":\"PropertyValueSpecification\",\"valueRequired\":true,\"valueName\":\"search_term_string\"}}],\"inLanguage\":\"fr-FR\"},{\"@type\":\"Organization\",\"@id\":\"https:\\\/\\\/www.afis.africa\\\/fr\\\/#organization\",\"name\":\"The African Financial Summit Platform\",\"url\":\"https:\\\/\\\/www.afis.africa\\\/fr\\\/\",\"logo\":{\"@type\":\"ImageObject\",\"inLanguage\":\"fr-FR\",\"@id\":\"https:\\\/\\\/www.afis.africa\\\/fr\\\/#\\\/schema\\\/logo\\\/image\\\/\",\"url\":\"https:\\\/\\\/www.afis.africa\\\/wp-content\\\/uploads\\\/2022\\\/10\\\/cropped-AFIS-1-1.jpg\",\"contentUrl\":\"https:\\\/\\\/www.afis.africa\\\/wp-content\\\/uploads\\\/2022\\\/10\\\/cropped-AFIS-1-1.jpg\",\"width\":529,\"height\":191,\"caption\":\"The African Financial Summit Platform\"},\"image\":{\"@id\":\"https:\\\/\\\/www.afis.africa\\\/fr\\\/#\\\/schema\\\/logo\\\/image\\\/\"}},{\"@type\":\"Person\",\"@id\":\"https:\\\/\\\/www.afis.africa\\\/fr\\\/#\\\/schema\\\/person\\\/eceaa7dfc9d3878f3b005cf1b6d6f1ae\",\"name\":\"Nadia AYARI\",\"image\":{\"@type\":\"ImageObject\",\"inLanguage\":\"fr-FR\",\"@id\":\"https:\\\/\\\/secure.gravatar.com\\\/avatar\\\/48984397c13b0ba7e23d682507026772f8c5be0c81a06090b4d07c2a6050430b?s=96&d=mm&r=g\",\"url\":\"https:\\\/\\\/secure.gravatar.com\\\/avatar\\\/48984397c13b0ba7e23d682507026772f8c5be0c81a06090b4d07c2a6050430b?s=96&d=mm&r=g\",\"contentUrl\":\"https:\\\/\\\/secure.gravatar.com\\\/avatar\\\/48984397c13b0ba7e23d682507026772f8c5be0c81a06090b4d07c2a6050430b?s=96&d=mm&r=g\",\"caption\":\"Nadia AYARI\"},\"url\":\"https:\\\/\\\/www.afis.africa\\\/fr\\\/author\\\/n-ayarijeuneafrique-com\\\/\"}]}<\/script>\n<!-- \/ Yoast SEO plugin. -->","yoast_head_json":{"title":"COMMUNIQU\u00c9 DE PRESSE : PANEL DE CL\u00d4TURE AFIS 2022 - The African Financial Summit Platform","robots":{"index":"index","follow":"follow","max-snippet":"max-snippet:-1","max-image-preview":"max-image-preview:large","max-video-preview":"max-video-preview:-1"},"canonical":"https:\/\/www.afis.africa\/fr\/communique-de-presse-cloture\/","og_locale":"fr_FR","og_type":"article","og_title":"COMMUNIQU\u00c9 DE PRESSE : PANEL DE CL\u00d4TURE AFIS 2022 - The African Financial Summit Platform","og_description":"AFIS 2022 SE CONCLUT SUR UN ENGAGEMENT EN FAVEUR DE L&#8217;IMPACT ET DE L&#8217;IMPL\u00c9MENTATION D&#8217;UN AGENDA AMBITIEUX POUR LA SOUVERAINET\u00c9 FINANCI\u00c8RE AFRICAINE Lom\u00e9, le 30 novembre 2022 &#8211; En pr\u00e9sence de nombreuses personnalit\u00e9s de premier plan de la communaut\u00e9 financi\u00e8re africaine, la c\u00e9r\u00e9monie de cl\u00f4ture a sonn\u00e9 la fin de l\u2019\u00e9dition 2022 de l\u2019Africa Financial [&hellip;]","og_url":"https:\/\/www.afis.africa\/fr\/communique-de-presse-cloture\/","og_site_name":"The African Financial Summit Platform","article_published_time":"2022-12-20T14:34:55+00:00","article_modified_time":"2025-09-18T16:04:15+00:00","og_image":[{"width":1920,"height":1080,"url":"https:\/\/www.afis.africa\/wp-content\/uploads\/2022\/12\/20-Dec-2022-PRESS-RELEASE-CLOSING-PANEL-AFIS-2022-Ajouter-une-colonne.png","type":"image\/png"}],"author":"Nadia AYARI","twitter_card":"summary_large_image","twitter_misc":{"\u00c9crit par":"Nadia AYARI","Dur\u00e9e de lecture estim\u00e9e":"2 minutes"},"schema":{"@context":"https:\/\/schema.org","@graph":[{"@type":"Article","@id":"https:\/\/www.afis.africa\/fr\/communique-de-presse-cloture\/#article","isPartOf":{"@id":"https:\/\/www.afis.africa\/fr\/communique-de-presse-cloture\/"},"author":{"name":"Nadia AYARI","@id":"https:\/\/www.afis.africa\/fr\/#\/schema\/person\/eceaa7dfc9d3878f3b005cf1b6d6f1ae"},"headline":"COMMUNIQU\u00c9 DE PRESSE : PANEL DE CL\u00d4TURE AFIS 2022","datePublished":"2022-12-20T14:34:55+00:00","dateModified":"2025-09-18T16:04:15+00:00","mainEntityOfPage":{"@id":"https:\/\/www.afis.africa\/fr\/communique-de-presse-cloture\/"},"wordCount":720,"publisher":{"@id":"https:\/\/www.afis.africa\/fr\/#organization"},"image":{"@id":"https:\/\/www.afis.africa\/fr\/communique-de-presse-cloture\/#primaryimage"},"thumbnailUrl":"https:\/\/www.afis.africa\/wp-content\/uploads\/2022\/12\/20-Dec-2022-PRESS-RELEASE-CLOSING-PANEL-AFIS-2022-Ajouter-une-colonne.png","articleSection":["Communiqu\u00e9 de presse","No category"],"inLanguage":"fr-FR"},{"@type":"WebPage","@id":"https:\/\/www.afis.africa\/fr\/communique-de-presse-cloture\/","url":"https:\/\/www.afis.africa\/fr\/communique-de-presse-cloture\/","name":"COMMUNIQU\u00c9 DE PRESSE : PANEL DE CL\u00d4TURE AFIS 2022 - The African Financial Summit Platform","isPartOf":{"@id":"https:\/\/www.afis.africa\/fr\/#website"},"primaryImageOfPage":{"@id":"https:\/\/www.afis.africa\/fr\/communique-de-presse-cloture\/#primaryimage"},"image":{"@id":"https:\/\/www.afis.africa\/fr\/communique-de-presse-cloture\/#primaryimage"},"thumbnailUrl":"https:\/\/www.afis.africa\/wp-content\/uploads\/2022\/12\/20-Dec-2022-PRESS-RELEASE-CLOSING-PANEL-AFIS-2022-Ajouter-une-colonne.png","datePublished":"2022-12-20T14:34:55+00:00","dateModified":"2025-09-18T16:04:15+00:00","breadcrumb":{"@id":"https:\/\/www.afis.africa\/fr\/communique-de-presse-cloture\/#breadcrumb"},"inLanguage":"fr-FR","potentialAction":[{"@type":"ReadAction","target":["https:\/\/www.afis.africa\/fr\/communique-de-presse-cloture\/"]}]},{"@type":"ImageObject","inLanguage":"fr-FR","@id":"https:\/\/www.afis.africa\/fr\/communique-de-presse-cloture\/#primaryimage","url":"https:\/\/www.afis.africa\/wp-content\/uploads\/2022\/12\/20-Dec-2022-PRESS-RELEASE-CLOSING-PANEL-AFIS-2022-Ajouter-une-colonne.png","contentUrl":"https:\/\/www.afis.africa\/wp-content\/uploads\/2022\/12\/20-Dec-2022-PRESS-RELEASE-CLOSING-PANEL-AFIS-2022-Ajouter-une-colonne.png","width":1920,"height":1080},{"@type":"BreadcrumbList","@id":"https:\/\/www.afis.africa\/fr\/communique-de-presse-cloture\/#breadcrumb","itemListElement":[{"@type":"ListItem","position":1,"name":"Home","item":"https:\/\/www.afis.africa\/fr\/"},{"@type":"ListItem","position":2,"name":"COMMUNIQU\u00c9 DE PRESSE : PANEL DE CL\u00d4TURE AFIS 2022"}]},{"@type":"WebSite","@id":"https:\/\/www.afis.africa\/fr\/#website","url":"https:\/\/www.afis.africa\/fr\/","name":"The African Financial Summit Platform","description":"","publisher":{"@id":"https:\/\/www.afis.africa\/fr\/#organization"},"potentialAction":[{"@type":"SearchAction","target":{"@type":"EntryPoint","urlTemplate":"https:\/\/www.afis.africa\/fr\/?s={search_term_string}"},"query-input":{"@type":"PropertyValueSpecification","valueRequired":true,"valueName":"search_term_string"}}],"inLanguage":"fr-FR"},{"@type":"Organization","@id":"https:\/\/www.afis.africa\/fr\/#organization","name":"The African Financial Summit Platform","url":"https:\/\/www.afis.africa\/fr\/","logo":{"@type":"ImageObject","inLanguage":"fr-FR","@id":"https:\/\/www.afis.africa\/fr\/#\/schema\/logo\/image\/","url":"https:\/\/www.afis.africa\/wp-content\/uploads\/2022\/10\/cropped-AFIS-1-1.jpg","contentUrl":"https:\/\/www.afis.africa\/wp-content\/uploads\/2022\/10\/cropped-AFIS-1-1.jpg","width":529,"height":191,"caption":"The African Financial Summit Platform"},"image":{"@id":"https:\/\/www.afis.africa\/fr\/#\/schema\/logo\/image\/"}},{"@type":"Person","@id":"https:\/\/www.afis.africa\/fr\/#\/schema\/person\/eceaa7dfc9d3878f3b005cf1b6d6f1ae","name":"Nadia AYARI","image":{"@type":"ImageObject","inLanguage":"fr-FR","@id":"https:\/\/secure.gravatar.com\/avatar\/48984397c13b0ba7e23d682507026772f8c5be0c81a06090b4d07c2a6050430b?s=96&d=mm&r=g","url":"https:\/\/secure.gravatar.com\/avatar\/48984397c13b0ba7e23d682507026772f8c5be0c81a06090b4d07c2a6050430b?s=96&d=mm&r=g","contentUrl":"https:\/\/secure.gravatar.com\/avatar\/48984397c13b0ba7e23d682507026772f8c5be0c81a06090b4d07c2a6050430b?s=96&d=mm&r=g","caption":"Nadia AYARI"},"url":"https:\/\/www.afis.africa\/fr\/author\/n-ayarijeuneafrique-com\/"}]}},"_links":{"self":[{"href":"https:\/\/www.afis.africa\/fr\/wp-json\/wp\/v2\/posts\/8170","targetHints":{"allow":["GET"]}}],"collection":[{"href":"https:\/\/www.afis.africa\/fr\/wp-json\/wp\/v2\/posts"}],"about":[{"href":"https:\/\/www.afis.africa\/fr\/wp-json\/wp\/v2\/types\/post"}],"author":[{"embeddable":true,"href":"https:\/\/www.afis.africa\/fr\/wp-json\/wp\/v2\/users\/3"}],"replies":[{"embeddable":true,"href":"https:\/\/www.afis.africa\/fr\/wp-json\/wp\/v2\/comments?post=8170"}],"version-history":[{"count":1,"href":"https:\/\/www.afis.africa\/fr\/wp-json\/wp\/v2\/posts\/8170\/revisions"}],"predecessor-version":[{"id":17835,"href":"https:\/\/www.afis.africa\/fr\/wp-json\/wp\/v2\/posts\/8170\/revisions\/17835"}],"wp:featuredmedia":[{"embeddable":true,"href":"https:\/\/www.afis.africa\/fr\/wp-json\/wp\/v2\/media\/17830"}],"wp:attachment":[{"href":"https:\/\/www.afis.africa\/fr\/wp-json\/wp\/v2\/media?parent=8170"}],"wp:term":[{"taxonomy":"category","embeddable":true,"href":"https:\/\/www.afis.africa\/fr\/wp-json\/wp\/v2\/categories?post=8170"},{"taxonomy":"post_tag","embeddable":true,"href":"https:\/\/www.afis.africa\/fr\/wp-json\/wp\/v2\/tags?post=8170"}],"curies":[{"name":"wp","href":"https:\/\/api.w.org\/{rel}","templated":true}]}}