{"id":411248,"date":"2026-04-29T16:16:38","date_gmt":"2026-04-29T15:16:38","guid":{"rendered":"https:\/\/www.afis.africa\/le-secteur-financier-lors-de-lafrica-ceo-forum-evenement-partenaire-de-lafis-ce-quil-faut-retenir\/"},"modified":"2026-04-30T13:48:47","modified_gmt":"2026-04-30T12:48:47","slug":"le-secteur-financier-lors-de-lafrica-ceo-forum-evenement-partenaire-de-lafis-ce-quil-faut-retenir","status":"publish","type":"post","link":"https:\/\/www.afis.africa\/fr\/le-secteur-financier-lors-de-lafrica-ceo-forum-evenement-partenaire-de-lafis-ce-quil-faut-retenir\/","title":{"rendered":"Le secteur financier lors de l&#8217;Africa CEO Forum, \u00e9v\u00e9nement partenaire de l&#8217;AFIS : ce qu&#8217;il faut retenir"},"content":{"rendered":"\t\t<div data-elementor-type=\"wp-post\" data-elementor-id=\"411248\" class=\"elementor elementor-411248 elementor-411169\" data-elementor-post-type=\"post\">\n\t\t\t\t<div class=\"elementor-element elementor-element-52c927e e-flex e-con-boxed e-con e-parent\" data-id=\"52c927e\" data-element_type=\"container\" data-e-type=\"container\">\n\t\t\t\t\t<div class=\"e-con-inner\">\n\t\t\t\t<div class=\"elementor-element elementor-element-1118b54 elementor-widget elementor-widget-text-editor\" data-id=\"1118b54\" data-element_type=\"widget\" data-e-type=\"widget\" data-widget_type=\"text-editor.default\">\n\t\t\t\t\t\t\t\t\t<p><strong>L&#8217;industrie financi\u00e8re du continent sera massivement pr\u00e9sente \u00e0 l&#8217;\u00e9v\u00e9nement s\u0153ur du secteur priv\u00e9 d&#8217;AFIS \u2013 l&#8217;Africa CEO Forum en mai. D\u00e9couvrez les principaux sujets de discussion dans le domaine de la finance et les d\u00e9cideurs des secteurs bancaire, de l&#8217;assurance et de la fintech qui y assisteront. Discover the key topics of discussion in finance and the decisionmakers in banking, insurance and fintech attending. <\/strong><\/p>\t\t\t\t\t\t\t\t<\/div>\n\t\t\t\t<div class=\"elementor-element elementor-element-77138d8 elementor-widget elementor-widget-text-editor\" data-id=\"77138d8\" data-element_type=\"widget\" data-e-type=\"widget\" data-widget_type=\"text-editor.default\">\n\t\t\t\t\t\t\t\t\t<p>Surnomm\u00e9 par les m\u00e9dias le \u00ab Davos (Forum \u00e9conomique mondial) de l&#8217;Afrique \u00bb, l&#8217;Africa CEO Forum se tiendra \u00e0 Kigali, au Rwanda, les 14 et 15 mai prochains.<\/p><p>Cet \u00e9v\u00e9nement, organis\u00e9 par Jeune Afrique Media Group, l&#8217;organisateur de l&#8217;AFIS, r\u00e9unira 2 800 chefs d&#8217;entreprise, investisseurs et d\u00e9cideurs politiques venus d&#8217;Afrique et du monde entier.<\/p><p>L&#8217;Africa CEO Forum est co-organis\u00e9 par la Soci\u00e9t\u00e9 financi\u00e8re internationale (IFC) et constitue le plus grand rassemblement international du secteur priv\u00e9 africain.<\/p>\t\t\t\t\t\t\t\t<\/div>\n\t\t\t\t<div class=\"elementor-element elementor-element-73d6d65 elementor-widget elementor-widget-image\" data-id=\"73d6d65\" data-element_type=\"widget\" data-e-type=\"widget\" data-widget_type=\"image.default\">\n\t\t\t\t\t\t\t\t\t\t\t\t<figure class=\"wp-caption\">\n\t\t\t\t\t\t\t\t\t\t<img fetchpriority=\"high\" decoding=\"async\" width=\"800\" height=\"449\" src=\"https:\/\/www.afis.africa\/wp-content\/uploads\/2026\/04\/oeoe-1024x575.jpg\" class=\"attachment-large size-large wp-image-411648\" alt=\"\" srcset=\"https:\/\/www.afis.africa\/wp-content\/uploads\/2026\/04\/oeoe-1024x575.jpg 1024w, https:\/\/www.afis.africa\/wp-content\/uploads\/2026\/04\/oeoe-300x169.jpg 300w, https:\/\/www.afis.africa\/wp-content\/uploads\/2026\/04\/oeoe-768x431.jpg 768w, https:\/\/www.afis.africa\/wp-content\/uploads\/2026\/04\/oeoe.jpg 1182w\" sizes=\"(max-width: 800px) 100vw, 800px\" \/>\t\t\t\t\t\t\t\t\t\t\t<figcaption class=\"widget-image-caption wp-caption-text\">Le profil des participants des 3 000 participants du Forum Africa CEO de l'ann\u00e9e derni\u00e8re<\/figcaption>\n\t\t\t\t\t\t\t\t\t\t<\/figure>\n\t\t\t\t\t\t\t\t\t<\/div>\n\t\t\t\t<div class=\"elementor-element elementor-element-999d8ba elementor-widget elementor-widget-text-editor\" data-id=\"999d8ba\" data-element_type=\"widget\" data-e-type=\"widget\" data-widget_type=\"text-editor.default\">\n\t\t\t\t\t\t\t\t\t<h3><span class=\"TextRun SCXW143728807 BCX8\" lang=\"FR-FR\" xml:lang=\"FR-FR\" data-contrast=\"none\"><span class=\"NormalTextRun SCXW143728807 BCX8\"><span class=\"EOP SCXW99144830 BCX8\" data-ccp-props=\"{}\"><span class=\"TextRun SCXW128212877 BCX8\" lang=\"EN-GB\" xml:lang=\"EN-GB\" data-contrast=\"auto\"><span class=\"NormalTextRun SCXW128212877 BCX8\">R\u00e9union du Supervisory Council d&#8217;AFIS<\/span><\/span><span class=\"EOP SCXW128212877 BCX8\" data-ccp-props=\"{}\"> <\/span><\/span><\/span><\/span><\/h3>\t\t\t\t\t\t\t\t<\/div>\n\t\t\t\t<div class=\"elementor-element elementor-element-af9fa66 elementor-widget elementor-widget-text-editor\" data-id=\"af9fa66\" data-element_type=\"widget\" data-e-type=\"widget\" data-widget_type=\"text-editor.default\">\n\t\t\t\t\t\t\t\t\t<p><span data-contrast=\"auto\">Le Supervisory Council de l&#8217;AFIS, compos\u00e9 de trente membres \u2013 parmi lesquels des gouverneurs de banques centrales, des r\u00e9gulateurs et des dirigeants des principales institutions financi\u00e8res du continent \u2013 tiendra \u00e9galement une r\u00e9union dans le cadre du Forum des PDG africains.<\/span><span data-ccp-props=\"{}\"> <\/span><\/p><p><span data-contrast=\"auto\">Le Conseil est un comit\u00e9 consultatif et strat\u00e9gique qui contribue \u00e0 d\u00e9finir l&#8217;orientation strat\u00e9gique de la plateforme AFIS. Parmi ses membres figurent le pr\u00e9sident d&#8217;Access Holdings &amp; Coronation Group, le directeur g\u00e9n\u00e9ral de la branche Assurance g\u00e9n\u00e9rale chez SanlamAllianz et le directeur g\u00e9n\u00e9ral de la Bourse de Casablanca, la place boursi\u00e8re marocaine. <\/span><span data-ccp-props=\"{}\"> <\/span><\/p><p><span data-contrast=\"auto\">La r\u00e9union, coordonn\u00e9e par le Secr\u00e9taire g\u00e9n\u00e9ral du Supervisory Council de l\u2019AFIS, Olivier No\u00ebl \u2014 qui si\u00e8ge aux conseils d\u2019administration de Rawbank et de Bank of Africa \u2014, comprendra \u00e9galement les analyses de l\u2019\u00e9conomiste en chef d\u2019Absa, Jeff Gable.<\/span><span data-ccp-props=\"{}\"> <\/span><\/p>\t\t\t\t\t\t\t\t<\/div>\n\t\t\t\t<div class=\"elementor-element elementor-element-3a7330d elementor-widget elementor-widget-text-editor\" data-id=\"3a7330d\" data-element_type=\"widget\" data-e-type=\"widget\" data-widget_type=\"text-editor.default\">\n\t\t\t\t\t\t\t\t\t<h3><span class=\"TextRun SCXW203345326 BCX8\" lang=\"EN-GB\" xml:lang=\"EN-GB\" data-contrast=\"auto\">Renforcement du financement des acquisitions<\/span><span class=\"EOP SCXW203345326 BCX8\" data-ccp-props=\"{}\"> <\/span><\/h3>\t\t\t\t\t\t\t\t<\/div>\n\t\t\t\t<div class=\"elementor-element elementor-element-3f75242 elementor-widget elementor-widget-text-editor\" data-id=\"3f75242\" data-element_type=\"widget\" data-e-type=\"widget\" data-widget_type=\"text-editor.default\">\n\t\t\t\t\t\t\t\t\t<p><span data-contrast=\"auto\">Le renforcement des solutions de financement sur mesure pour les acquisitions, dont le remboursement s&#8217;effectue en fonction des flux de tr\u00e9sorerie de la soci\u00e9t\u00e9 acquise, fera \u00e9galement l&#8217;objet de discussions lors de l&#8217;Africa CEO Forum.<\/span><span data-ccp-props=\"{}\"> <\/span><\/p><p><span data-contrast=\"auto\">Une table ronde r\u00e9unira des dirigeants de Standard Chartered, Barclays, Nedbank, Standard Bank et MCB afin d&#8217;examiner comment des pr\u00eats plus souples, li\u00e9s \u00e0 des op\u00e9rations, pourraient stimuler les fusions-acquisitions en Afrique et favoriser la consolidation dans les secteurs priv\u00e9s du continent.<\/span><span data-ccp-props=\"{}\"> <\/span><\/p><p><span data-contrast=\"auto\">Le soutien apport\u00e9 par la MCB aux acquisitions de 200 \u00e0 300 millions de dollars r\u00e9alis\u00e9es par Invictus Investment Company d\u00e9montre que ce mod\u00e8le peut fonctionner, mais peu de banques africaines proposent ce type de financement, de nombreuses entreprises ne savent pas comment y pr\u00e9tendre, et les institutions financi\u00e8res de d\u00e9veloppement (IFD) qui pourraient fournir ces instruments \u00e0 long terme consid\u00e8rent que cela s&#8217;apparente trop \u00e0 de la banque d&#8217;investissement.<\/span><span data-ccp-props=\"{\"134245418\":true}\"> <\/span><\/p><p><span data-contrast=\"auto\">Par ailleurs, lors d&#8217;une autre session, Chad Pollock, vice-pr\u00e9sident et directeur g\u00e9n\u00e9ral de Visa pour l&#8217;Afrique de l&#8217;Est, se joindra \u00e0 Charles Russon, directeur g\u00e9n\u00e9ral du groupe pour les r\u00e9gions africaines chez Absa, afin d&#8217;examiner comment favoriser la consolidation dans le secteur des technologies et de la fintech.<\/span><span data-ccp-props=\"{}\"> <\/span><\/p>\t\t\t\t\t\t\t\t<\/div>\n\t\t\t\t<div class=\"elementor-element elementor-element-24a6407 elementor-widget elementor-widget-image\" data-id=\"24a6407\" data-element_type=\"widget\" data-e-type=\"widget\" data-widget_type=\"image.default\">\n\t\t\t\t\t\t\t\t\t\t\t\t<figure class=\"wp-caption\">\n\t\t\t\t\t\t\t\t\t\t<img decoding=\"async\" width=\"800\" height=\"449\" src=\"https:\/\/www.afis.africa\/wp-content\/uploads\/2026\/04\/40-AFIS-STEERING-COMMITTTEE-1024x575.jpg\" class=\"attachment-large size-large wp-image-411215\" alt=\"\" srcset=\"https:\/\/www.afis.africa\/wp-content\/uploads\/2026\/04\/40-AFIS-STEERING-COMMITTTEE-1024x575.jpg 1024w, https:\/\/www.afis.africa\/wp-content\/uploads\/2026\/04\/40-AFIS-STEERING-COMMITTTEE-300x169.jpg 300w, https:\/\/www.afis.africa\/wp-content\/uploads\/2026\/04\/40-AFIS-STEERING-COMMITTTEE-768x431.jpg 768w, https:\/\/www.afis.africa\/wp-content\/uploads\/2026\/04\/40-AFIS-STEERING-COMMITTTEE.jpg 1182w\" sizes=\"(max-width: 800px) 100vw, 800px\" \/>\t\t\t\t\t\t\t\t\t\t\t<figcaption class=\"widget-image-caption wp-caption-text\">Intervenants \u00e0 la table ronde du Forum des PDG africains intitul\u00e9e \u00ab Renforcer le financement des acquisitions pour enrayer le ralentissement des fusions-acquisitions \u00bb<\/figcaption>\n\t\t\t\t\t\t\t\t\t\t<\/figure>\n\t\t\t\t\t\t\t\t\t<\/div>\n\t\t\t\t<div class=\"elementor-element elementor-element-3a7fcda elementor-widget elementor-widget-text-editor\" data-id=\"3a7fcda\" data-element_type=\"widget\" data-e-type=\"widget\" data-widget_type=\"text-editor.default\">\n\t\t\t\t\t\t\t\t\t<h3><span class=\"TextRun SCXW143728807 BCX8\" lang=\"FR-FR\" xml:lang=\"FR-FR\" data-contrast=\"none\"><span class=\"NormalTextRun SCXW143728807 BCX8\"><span class=\"TextRun SCXW87362956 BCX8\" lang=\"EN-GB\" xml:lang=\"EN-GB\" data-contrast=\"auto\"><span class=\"NormalTextRun SCXW87362956 BCX8\">Le co\u00fbt du cr\u00e9dit aux entreprises et aux PME<\/span><\/span><span class=\"EOP SCXW87362956 BCX8\" data-ccp-props=\"{}\"> <\/span><\/span><\/span><\/h3>\t\t\t\t\t\t\t\t<\/div>\n\t\t\t\t<div class=\"elementor-element elementor-element-81a2cf2 elementor-widget elementor-widget-text-editor\" data-id=\"81a2cf2\" data-element_type=\"widget\" data-e-type=\"widget\" data-widget_type=\"text-editor.default\">\n\t\t\t\t\t\t\t\t\t<p>Enfin, Africa CEO Forum TV proposera un segment sp\u00e9cial, diffus\u00e9 en direct et accessible au public sur la page LinkedIn et l\u2019application de l\u2019Africa CEO Forum, intitul\u00e9 \u00ab Le co\u00fbt du cr\u00e9dit pour les entreprises et les PME en Afrique est-il devenu trop \u00e9lev\u00e9 ? \u00bb<\/p><p>Parmi les invit\u00e9s figurent le Dr Diane Karusisi, PDG de la Bank of Kigali ; Jeremy Awori, PDG d&#8217;Ecobank ; Dalu Ajene, PDG et responsable de la couverture pour l&#8217;Afrique chez Standard Chartered ; et Hannington Namara, directeur g\u00e9n\u00e9ral d&#8217;Equity Bank Rwanda.<\/p><p>Cette rubrique examinera si les taux d&#8217;int\u00e9r\u00eat \u00e9lev\u00e9s pratiqu\u00e9s par les banques commerciales pour les cr\u00e9dits aux entreprises sont viables ou si les entreprises pourraient plut\u00f4t se tourner vers le cr\u00e9dit priv\u00e9, les technologies financi\u00e8res et d&#8217;autres sources non bancaires.<\/p><p>Les pr\u00eats constituent la principale source de revenus des banques africaines, avec un chiffre d&#8217;affaires qui devrait atteindre 52 milliards de dollars d&#8217;ici 2030. Mais les derni\u00e8res donn\u00e9es de la banque centrale du Kenya indiquent que les taux d&#8217;int\u00e9r\u00eat moyens pratiqu\u00e9s par les banques commerciales sur les pr\u00eats aux entreprises s&#8217;\u00e9l\u00e8vent \u00e0 environ 17 %, contre 3,6 % pour les emprunts des entreprises dans la zone euro. <\/p><p>D\u00e9couvrez le programme complet de l&#8217;Africa CEO Forum <a href=\"https:\/\/www.theafricaceoforum.com\/forum-2026\/en\/forum-program\/2026-05-14\/#prog\">ICI<\/a>.<\/p><p>Inscrivez-vous \u00e0 l&#8217;\u00e9v\u00e9nement<a href=\"https:\/\/jeuneafrique.mediactive-events.com\/\"> ICI <\/a>(les inscriptions seront bient\u00f4t closes).<\/p>\t\t\t\t\t\t\t\t<\/div>\n\t\t\t\t\t<\/div>\n\t\t\t\t<\/div>\n\t\t<div class=\"elementor-element elementor-element-efadba9 e-flex e-con-boxed e-con e-parent\" data-id=\"efadba9\" data-element_type=\"container\" data-e-type=\"container\">\n\t\t\t\t\t<div class=\"e-con-inner\">\n\t\t\t\t\t<\/div>\n\t\t\t\t<\/div>\n\t\t<div class=\"elementor-element elementor-element-db5b5a8 e-flex e-con-boxed e-con e-parent\" data-id=\"db5b5a8\" data-element_type=\"container\" data-e-type=\"container\">\n\t\t\t\t\t<div class=\"e-con-inner\">\n\t\t\t\t\t<\/div>\n\t\t\t\t<\/div>\n\t\t\t\t<\/div>\n\t\t","protected":false},"excerpt":{"rendered":"<p>L&#8217;industrie financi\u00e8re du continent sera massivement pr\u00e9sente \u00e0 l&#8217;\u00e9v\u00e9nement s\u0153ur du secteur priv\u00e9 d&#8217;AFIS \u2013 l&#8217;Africa CEO Forum en mai. D\u00e9couvrez les principaux sujets de discussion dans le domaine de la finance et les d\u00e9cideurs des secteurs bancaire, de l&#8217;assurance et de la fintech qui y assisteront. Discover the key topics of discussion in finance [&hellip;]<\/p>\n","protected":false},"author":6,"featured_media":411193,"comment_status":"open","ping_status":"open","sticky":false,"template":"","format":"standard","meta":{"_acf_changed":false,"footnotes":""},"categories":[99],"tags":[],"class_list":["post-411248","post","type-post","status-publish","format-standard","has-post-thumbnail","hentry","category-enjeux-banque-commerciale"],"acf":[],"yoast_head":"<!-- This site is optimized with the Yoast SEO plugin v27.3 - https:\/\/yoast.com\/product\/yoast-seo-wordpress\/ -->\n<title>Le secteur financier lors de l&#039;Africa CEO Forum, \u00e9v\u00e9nement partenaire de l&#039;AFIS : ce qu&#039;il faut retenir - The African Financial Summit Platform<\/title>\n<meta name=\"robots\" content=\"index, follow, max-snippet:-1, max-image-preview:large, max-video-preview:-1\" \/>\n<link rel=\"canonical\" href=\"https:\/\/www.afis.africa\/fr\/le-secteur-financier-lors-de-lafrica-ceo-forum-evenement-partenaire-de-lafis-ce-quil-faut-retenir\/\" \/>\n<meta property=\"og:locale\" content=\"fr_FR\" \/>\n<meta property=\"og:type\" content=\"article\" \/>\n<meta property=\"og:title\" content=\"Le secteur financier lors de l&#039;Africa CEO Forum, \u00e9v\u00e9nement partenaire de l&#039;AFIS : ce qu&#039;il faut retenir - The African Financial Summit Platform\" \/>\n<meta property=\"og:description\" content=\"L&#8217;industrie financi\u00e8re du continent sera massivement pr\u00e9sente \u00e0 l&#8217;\u00e9v\u00e9nement s\u0153ur du secteur priv\u00e9 d&#8217;AFIS \u2013 l&#8217;Africa CEO Forum en mai. D\u00e9couvrez les principaux sujets de discussion dans le domaine de la finance et les d\u00e9cideurs des secteurs bancaire, de l&#8217;assurance et de la fintech qui y assisteront. Discover the key topics of discussion in finance [&hellip;]\" \/>\n<meta property=\"og:url\" content=\"https:\/\/www.afis.africa\/fr\/le-secteur-financier-lors-de-lafrica-ceo-forum-evenement-partenaire-de-lafis-ce-quil-faut-retenir\/\" \/>\n<meta property=\"og:site_name\" content=\"The African Financial Summit Platform\" \/>\n<meta property=\"article:published_time\" content=\"2026-04-29T15:16:38+00:00\" \/>\n<meta property=\"article:modified_time\" content=\"2026-04-30T12:48:47+00:00\" \/>\n<meta property=\"og:image\" content=\"https:\/\/www.afis.africa\/wp-content\/uploads\/2026\/04\/31.jpg\" \/>\n\t<meta property=\"og:image:width\" content=\"1182\" \/>\n\t<meta property=\"og:image:height\" content=\"664\" \/>\n\t<meta property=\"og:image:type\" content=\"image\/jpeg\" \/>\n<meta name=\"author\" content=\"Sophia EKRA\" \/>\n<meta name=\"twitter:card\" content=\"summary_large_image\" \/>\n<meta name=\"twitter:label1\" content=\"\u00c9crit par\" \/>\n\t<meta name=\"twitter:data1\" content=\"Sophia EKRA\" \/>\n\t<meta name=\"twitter:label2\" content=\"Dur\u00e9e de lecture estim\u00e9e\" \/>\n\t<meta name=\"twitter:data2\" content=\"4 minutes\" \/>\n<script type=\"application\/ld+json\" class=\"yoast-schema-graph\">{\"@context\":\"https:\\\/\\\/schema.org\",\"@graph\":[{\"@type\":\"Article\",\"@id\":\"https:\\\/\\\/www.afis.africa\\\/fr\\\/le-secteur-financier-lors-de-lafrica-ceo-forum-evenement-partenaire-de-lafis-ce-quil-faut-retenir\\\/#article\",\"isPartOf\":{\"@id\":\"https:\\\/\\\/www.afis.africa\\\/fr\\\/le-secteur-financier-lors-de-lafrica-ceo-forum-evenement-partenaire-de-lafis-ce-quil-faut-retenir\\\/\"},\"author\":{\"name\":\"Sophia EKRA\",\"@id\":\"https:\\\/\\\/www.afis.africa\\\/fr\\\/#\\\/schema\\\/person\\\/9320b247c460ed45815f787e2ca4b1ef\"},\"headline\":\"Le secteur financier lors de l&#8217;Africa CEO Forum, \u00e9v\u00e9nement partenaire de l&#8217;AFIS : ce qu&#8217;il faut retenir\",\"datePublished\":\"2026-04-29T15:16:38+00:00\",\"dateModified\":\"2026-04-30T12:48:47+00:00\",\"mainEntityOfPage\":{\"@id\":\"https:\\\/\\\/www.afis.africa\\\/fr\\\/le-secteur-financier-lors-de-lafrica-ceo-forum-evenement-partenaire-de-lafis-ce-quil-faut-retenir\\\/\"},\"wordCount\":847,\"commentCount\":0,\"publisher\":{\"@id\":\"https:\\\/\\\/www.afis.africa\\\/fr\\\/#organization\"},\"image\":{\"@id\":\"https:\\\/\\\/www.afis.africa\\\/fr\\\/le-secteur-financier-lors-de-lafrica-ceo-forum-evenement-partenaire-de-lafis-ce-quil-faut-retenir\\\/#primaryimage\"},\"thumbnailUrl\":\"https:\\\/\\\/www.afis.africa\\\/wp-content\\\/uploads\\\/2026\\\/04\\\/31.jpg\",\"articleSection\":[\"Enjeux de la banque commerciale\"],\"inLanguage\":\"fr-FR\",\"potentialAction\":[{\"@type\":\"CommentAction\",\"name\":\"Comment\",\"target\":[\"https:\\\/\\\/www.afis.africa\\\/fr\\\/le-secteur-financier-lors-de-lafrica-ceo-forum-evenement-partenaire-de-lafis-ce-quil-faut-retenir\\\/#respond\"]}]},{\"@type\":\"WebPage\",\"@id\":\"https:\\\/\\\/www.afis.africa\\\/fr\\\/le-secteur-financier-lors-de-lafrica-ceo-forum-evenement-partenaire-de-lafis-ce-quil-faut-retenir\\\/\",\"url\":\"https:\\\/\\\/www.afis.africa\\\/fr\\\/le-secteur-financier-lors-de-lafrica-ceo-forum-evenement-partenaire-de-lafis-ce-quil-faut-retenir\\\/\",\"name\":\"Le secteur financier lors de l'Africa CEO Forum, \u00e9v\u00e9nement partenaire de l'AFIS : ce qu'il faut retenir - The African Financial Summit Platform\",\"isPartOf\":{\"@id\":\"https:\\\/\\\/www.afis.africa\\\/fr\\\/#website\"},\"primaryImageOfPage\":{\"@id\":\"https:\\\/\\\/www.afis.africa\\\/fr\\\/le-secteur-financier-lors-de-lafrica-ceo-forum-evenement-partenaire-de-lafis-ce-quil-faut-retenir\\\/#primaryimage\"},\"image\":{\"@id\":\"https:\\\/\\\/www.afis.africa\\\/fr\\\/le-secteur-financier-lors-de-lafrica-ceo-forum-evenement-partenaire-de-lafis-ce-quil-faut-retenir\\\/#primaryimage\"},\"thumbnailUrl\":\"https:\\\/\\\/www.afis.africa\\\/wp-content\\\/uploads\\\/2026\\\/04\\\/31.jpg\",\"datePublished\":\"2026-04-29T15:16:38+00:00\",\"dateModified\":\"2026-04-30T12:48:47+00:00\",\"breadcrumb\":{\"@id\":\"https:\\\/\\\/www.afis.africa\\\/fr\\\/le-secteur-financier-lors-de-lafrica-ceo-forum-evenement-partenaire-de-lafis-ce-quil-faut-retenir\\\/#breadcrumb\"},\"inLanguage\":\"fr-FR\",\"potentialAction\":[{\"@type\":\"ReadAction\",\"target\":[\"https:\\\/\\\/www.afis.africa\\\/fr\\\/le-secteur-financier-lors-de-lafrica-ceo-forum-evenement-partenaire-de-lafis-ce-quil-faut-retenir\\\/\"]}]},{\"@type\":\"ImageObject\",\"inLanguage\":\"fr-FR\",\"@id\":\"https:\\\/\\\/www.afis.africa\\\/fr\\\/le-secteur-financier-lors-de-lafrica-ceo-forum-evenement-partenaire-de-lafis-ce-quil-faut-retenir\\\/#primaryimage\",\"url\":\"https:\\\/\\\/www.afis.africa\\\/wp-content\\\/uploads\\\/2026\\\/04\\\/31.jpg\",\"contentUrl\":\"https:\\\/\\\/www.afis.africa\\\/wp-content\\\/uploads\\\/2026\\\/04\\\/31.jpg\",\"width\":1182,\"height\":664},{\"@type\":\"BreadcrumbList\",\"@id\":\"https:\\\/\\\/www.afis.africa\\\/fr\\\/le-secteur-financier-lors-de-lafrica-ceo-forum-evenement-partenaire-de-lafis-ce-quil-faut-retenir\\\/#breadcrumb\",\"itemListElement\":[{\"@type\":\"ListItem\",\"position\":1,\"name\":\"Home\",\"item\":\"https:\\\/\\\/www.afis.africa\\\/fr\\\/\"},{\"@type\":\"ListItem\",\"position\":2,\"name\":\"Le secteur financier lors de l&#8217;Africa CEO Forum, \u00e9v\u00e9nement partenaire de l&#8217;AFIS : ce qu&#8217;il faut retenir\"}]},{\"@type\":\"WebSite\",\"@id\":\"https:\\\/\\\/www.afis.africa\\\/fr\\\/#website\",\"url\":\"https:\\\/\\\/www.afis.africa\\\/fr\\\/\",\"name\":\"The African Financial Summit Platform\",\"description\":\"\",\"publisher\":{\"@id\":\"https:\\\/\\\/www.afis.africa\\\/fr\\\/#organization\"},\"potentialAction\":[{\"@type\":\"SearchAction\",\"target\":{\"@type\":\"EntryPoint\",\"urlTemplate\":\"https:\\\/\\\/www.afis.africa\\\/fr\\\/?s={search_term_string}\"},\"query-input\":{\"@type\":\"PropertyValueSpecification\",\"valueRequired\":true,\"valueName\":\"search_term_string\"}}],\"inLanguage\":\"fr-FR\"},{\"@type\":\"Organization\",\"@id\":\"https:\\\/\\\/www.afis.africa\\\/fr\\\/#organization\",\"name\":\"The African Financial Summit Platform\",\"url\":\"https:\\\/\\\/www.afis.africa\\\/fr\\\/\",\"logo\":{\"@type\":\"ImageObject\",\"inLanguage\":\"fr-FR\",\"@id\":\"https:\\\/\\\/www.afis.africa\\\/fr\\\/#\\\/schema\\\/logo\\\/image\\\/\",\"url\":\"https:\\\/\\\/www.afis.africa\\\/wp-content\\\/uploads\\\/2022\\\/10\\\/cropped-AFIS-1-1.jpg\",\"contentUrl\":\"https:\\\/\\\/www.afis.africa\\\/wp-content\\\/uploads\\\/2022\\\/10\\\/cropped-AFIS-1-1.jpg\",\"width\":529,\"height\":191,\"caption\":\"The African Financial Summit Platform\"},\"image\":{\"@id\":\"https:\\\/\\\/www.afis.africa\\\/fr\\\/#\\\/schema\\\/logo\\\/image\\\/\"}},{\"@type\":\"Person\",\"@id\":\"https:\\\/\\\/www.afis.africa\\\/fr\\\/#\\\/schema\\\/person\\\/9320b247c460ed45815f787e2ca4b1ef\",\"name\":\"Sophia EKRA\",\"image\":{\"@type\":\"ImageObject\",\"inLanguage\":\"fr-FR\",\"@id\":\"https:\\\/\\\/secure.gravatar.com\\\/avatar\\\/0dfb2b5d8ea21cc0ffeed78e4df9a9fdb4e38e5ae466df5db8f0076a29a634b5?s=96&d=mm&r=g\",\"url\":\"https:\\\/\\\/secure.gravatar.com\\\/avatar\\\/0dfb2b5d8ea21cc0ffeed78e4df9a9fdb4e38e5ae466df5db8f0076a29a634b5?s=96&d=mm&r=g\",\"contentUrl\":\"https:\\\/\\\/secure.gravatar.com\\\/avatar\\\/0dfb2b5d8ea21cc0ffeed78e4df9a9fdb4e38e5ae466df5db8f0076a29a634b5?s=96&d=mm&r=g\",\"caption\":\"Sophia EKRA\"},\"url\":\"https:\\\/\\\/www.afis.africa\\\/fr\\\/author\\\/s-ekrajeuneafrique-com\\\/\"}]}<\/script>\n<!-- \/ Yoast SEO plugin. -->","yoast_head_json":{"title":"Le secteur financier lors de l'Africa CEO Forum, \u00e9v\u00e9nement partenaire de l'AFIS : ce qu'il faut retenir - The African Financial Summit Platform","robots":{"index":"index","follow":"follow","max-snippet":"max-snippet:-1","max-image-preview":"max-image-preview:large","max-video-preview":"max-video-preview:-1"},"canonical":"https:\/\/www.afis.africa\/fr\/le-secteur-financier-lors-de-lafrica-ceo-forum-evenement-partenaire-de-lafis-ce-quil-faut-retenir\/","og_locale":"fr_FR","og_type":"article","og_title":"Le secteur financier lors de l'Africa CEO Forum, \u00e9v\u00e9nement partenaire de l'AFIS : ce qu'il faut retenir - The African Financial Summit Platform","og_description":"L&#8217;industrie financi\u00e8re du continent sera massivement pr\u00e9sente \u00e0 l&#8217;\u00e9v\u00e9nement s\u0153ur du secteur priv\u00e9 d&#8217;AFIS \u2013 l&#8217;Africa CEO Forum en mai. D\u00e9couvrez les principaux sujets de discussion dans le domaine de la finance et les d\u00e9cideurs des secteurs bancaire, de l&#8217;assurance et de la fintech qui y assisteront. Discover the key topics of discussion in finance [&hellip;]","og_url":"https:\/\/www.afis.africa\/fr\/le-secteur-financier-lors-de-lafrica-ceo-forum-evenement-partenaire-de-lafis-ce-quil-faut-retenir\/","og_site_name":"The African Financial Summit Platform","article_published_time":"2026-04-29T15:16:38+00:00","article_modified_time":"2026-04-30T12:48:47+00:00","og_image":[{"width":1182,"height":664,"url":"https:\/\/www.afis.africa\/wp-content\/uploads\/2026\/04\/31.jpg","type":"image\/jpeg"}],"author":"Sophia EKRA","twitter_card":"summary_large_image","twitter_misc":{"\u00c9crit par":"Sophia EKRA","Dur\u00e9e de lecture estim\u00e9e":"4 minutes"},"schema":{"@context":"https:\/\/schema.org","@graph":[{"@type":"Article","@id":"https:\/\/www.afis.africa\/fr\/le-secteur-financier-lors-de-lafrica-ceo-forum-evenement-partenaire-de-lafis-ce-quil-faut-retenir\/#article","isPartOf":{"@id":"https:\/\/www.afis.africa\/fr\/le-secteur-financier-lors-de-lafrica-ceo-forum-evenement-partenaire-de-lafis-ce-quil-faut-retenir\/"},"author":{"name":"Sophia EKRA","@id":"https:\/\/www.afis.africa\/fr\/#\/schema\/person\/9320b247c460ed45815f787e2ca4b1ef"},"headline":"Le secteur financier lors de l&#8217;Africa CEO Forum, \u00e9v\u00e9nement partenaire de l&#8217;AFIS : ce qu&#8217;il faut retenir","datePublished":"2026-04-29T15:16:38+00:00","dateModified":"2026-04-30T12:48:47+00:00","mainEntityOfPage":{"@id":"https:\/\/www.afis.africa\/fr\/le-secteur-financier-lors-de-lafrica-ceo-forum-evenement-partenaire-de-lafis-ce-quil-faut-retenir\/"},"wordCount":847,"commentCount":0,"publisher":{"@id":"https:\/\/www.afis.africa\/fr\/#organization"},"image":{"@id":"https:\/\/www.afis.africa\/fr\/le-secteur-financier-lors-de-lafrica-ceo-forum-evenement-partenaire-de-lafis-ce-quil-faut-retenir\/#primaryimage"},"thumbnailUrl":"https:\/\/www.afis.africa\/wp-content\/uploads\/2026\/04\/31.jpg","articleSection":["Enjeux de la banque commerciale"],"inLanguage":"fr-FR","potentialAction":[{"@type":"CommentAction","name":"Comment","target":["https:\/\/www.afis.africa\/fr\/le-secteur-financier-lors-de-lafrica-ceo-forum-evenement-partenaire-de-lafis-ce-quil-faut-retenir\/#respond"]}]},{"@type":"WebPage","@id":"https:\/\/www.afis.africa\/fr\/le-secteur-financier-lors-de-lafrica-ceo-forum-evenement-partenaire-de-lafis-ce-quil-faut-retenir\/","url":"https:\/\/www.afis.africa\/fr\/le-secteur-financier-lors-de-lafrica-ceo-forum-evenement-partenaire-de-lafis-ce-quil-faut-retenir\/","name":"Le secteur financier lors de l'Africa CEO Forum, \u00e9v\u00e9nement partenaire de l'AFIS : ce qu'il faut retenir - The African Financial Summit Platform","isPartOf":{"@id":"https:\/\/www.afis.africa\/fr\/#website"},"primaryImageOfPage":{"@id":"https:\/\/www.afis.africa\/fr\/le-secteur-financier-lors-de-lafrica-ceo-forum-evenement-partenaire-de-lafis-ce-quil-faut-retenir\/#primaryimage"},"image":{"@id":"https:\/\/www.afis.africa\/fr\/le-secteur-financier-lors-de-lafrica-ceo-forum-evenement-partenaire-de-lafis-ce-quil-faut-retenir\/#primaryimage"},"thumbnailUrl":"https:\/\/www.afis.africa\/wp-content\/uploads\/2026\/04\/31.jpg","datePublished":"2026-04-29T15:16:38+00:00","dateModified":"2026-04-30T12:48:47+00:00","breadcrumb":{"@id":"https:\/\/www.afis.africa\/fr\/le-secteur-financier-lors-de-lafrica-ceo-forum-evenement-partenaire-de-lafis-ce-quil-faut-retenir\/#breadcrumb"},"inLanguage":"fr-FR","potentialAction":[{"@type":"ReadAction","target":["https:\/\/www.afis.africa\/fr\/le-secteur-financier-lors-de-lafrica-ceo-forum-evenement-partenaire-de-lafis-ce-quil-faut-retenir\/"]}]},{"@type":"ImageObject","inLanguage":"fr-FR","@id":"https:\/\/www.afis.africa\/fr\/le-secteur-financier-lors-de-lafrica-ceo-forum-evenement-partenaire-de-lafis-ce-quil-faut-retenir\/#primaryimage","url":"https:\/\/www.afis.africa\/wp-content\/uploads\/2026\/04\/31.jpg","contentUrl":"https:\/\/www.afis.africa\/wp-content\/uploads\/2026\/04\/31.jpg","width":1182,"height":664},{"@type":"BreadcrumbList","@id":"https:\/\/www.afis.africa\/fr\/le-secteur-financier-lors-de-lafrica-ceo-forum-evenement-partenaire-de-lafis-ce-quil-faut-retenir\/#breadcrumb","itemListElement":[{"@type":"ListItem","position":1,"name":"Home","item":"https:\/\/www.afis.africa\/fr\/"},{"@type":"ListItem","position":2,"name":"Le secteur financier lors de l&#8217;Africa CEO Forum, \u00e9v\u00e9nement partenaire de l&#8217;AFIS : ce qu&#8217;il faut retenir"}]},{"@type":"WebSite","@id":"https:\/\/www.afis.africa\/fr\/#website","url":"https:\/\/www.afis.africa\/fr\/","name":"The African Financial Summit Platform","description":"","publisher":{"@id":"https:\/\/www.afis.africa\/fr\/#organization"},"potentialAction":[{"@type":"SearchAction","target":{"@type":"EntryPoint","urlTemplate":"https:\/\/www.afis.africa\/fr\/?s={search_term_string}"},"query-input":{"@type":"PropertyValueSpecification","valueRequired":true,"valueName":"search_term_string"}}],"inLanguage":"fr-FR"},{"@type":"Organization","@id":"https:\/\/www.afis.africa\/fr\/#organization","name":"The African Financial Summit Platform","url":"https:\/\/www.afis.africa\/fr\/","logo":{"@type":"ImageObject","inLanguage":"fr-FR","@id":"https:\/\/www.afis.africa\/fr\/#\/schema\/logo\/image\/","url":"https:\/\/www.afis.africa\/wp-content\/uploads\/2022\/10\/cropped-AFIS-1-1.jpg","contentUrl":"https:\/\/www.afis.africa\/wp-content\/uploads\/2022\/10\/cropped-AFIS-1-1.jpg","width":529,"height":191,"caption":"The African Financial Summit Platform"},"image":{"@id":"https:\/\/www.afis.africa\/fr\/#\/schema\/logo\/image\/"}},{"@type":"Person","@id":"https:\/\/www.afis.africa\/fr\/#\/schema\/person\/9320b247c460ed45815f787e2ca4b1ef","name":"Sophia EKRA","image":{"@type":"ImageObject","inLanguage":"fr-FR","@id":"https:\/\/secure.gravatar.com\/avatar\/0dfb2b5d8ea21cc0ffeed78e4df9a9fdb4e38e5ae466df5db8f0076a29a634b5?s=96&d=mm&r=g","url":"https:\/\/secure.gravatar.com\/avatar\/0dfb2b5d8ea21cc0ffeed78e4df9a9fdb4e38e5ae466df5db8f0076a29a634b5?s=96&d=mm&r=g","contentUrl":"https:\/\/secure.gravatar.com\/avatar\/0dfb2b5d8ea21cc0ffeed78e4df9a9fdb4e38e5ae466df5db8f0076a29a634b5?s=96&d=mm&r=g","caption":"Sophia EKRA"},"url":"https:\/\/www.afis.africa\/fr\/author\/s-ekrajeuneafrique-com\/"}]}},"_links":{"self":[{"href":"https:\/\/www.afis.africa\/fr\/wp-json\/wp\/v2\/posts\/411248","targetHints":{"allow":["GET"]}}],"collection":[{"href":"https:\/\/www.afis.africa\/fr\/wp-json\/wp\/v2\/posts"}],"about":[{"href":"https:\/\/www.afis.africa\/fr\/wp-json\/wp\/v2\/types\/post"}],"author":[{"embeddable":true,"href":"https:\/\/www.afis.africa\/fr\/wp-json\/wp\/v2\/users\/6"}],"replies":[{"embeddable":true,"href":"https:\/\/www.afis.africa\/fr\/wp-json\/wp\/v2\/comments?post=411248"}],"version-history":[{"count":2,"href":"https:\/\/www.afis.africa\/fr\/wp-json\/wp\/v2\/posts\/411248\/revisions"}],"predecessor-version":[{"id":411654,"href":"https:\/\/www.afis.africa\/fr\/wp-json\/wp\/v2\/posts\/411248\/revisions\/411654"}],"wp:featuredmedia":[{"embeddable":true,"href":"https:\/\/www.afis.africa\/fr\/wp-json\/wp\/v2\/media\/411193"}],"wp:attachment":[{"href":"https:\/\/www.afis.africa\/fr\/wp-json\/wp\/v2\/media?parent=411248"}],"wp:term":[{"taxonomy":"category","embeddable":true,"href":"https:\/\/www.afis.africa\/fr\/wp-json\/wp\/v2\/categories?post=411248"},{"taxonomy":"post_tag","embeddable":true,"href":"https:\/\/www.afis.africa\/fr\/wp-json\/wp\/v2\/tags?post=411248"}],"curies":[{"name":"wp","href":"https:\/\/api.w.org\/{rel}","templated":true}]}}