{"id":372151,"date":"2025-11-05T22:00:47","date_gmt":"2025-11-05T21:00:47","guid":{"rendered":"https:\/\/www.afis.africa\/communique-de-presse-afis-2025-un-sommet-pour-liberer-la-puissance-financiere-africaine-et-mieux-batir-lavenir\/"},"modified":"2025-11-06T15:39:42","modified_gmt":"2025-11-06T14:39:42","slug":"communique-de-presse-afis-2025-un-sommet-pour-liberer-la-puissance-financiere-africaine-et-mieux-batir-lavenir","status":"publish","type":"post","link":"https:\/\/www.afis.africa\/fr\/communique-de-presse-afis-2025-un-sommet-pour-liberer-la-puissance-financiere-africaine-et-mieux-batir-lavenir\/","title":{"rendered":"Communiqu\u00e9 de presse : AFIS 2025 &#8211; Un sommet pour lib\u00e9rer la puissance financi\u00e8re <br>africaine et mieux b\u00e2tir l\u2019avenir"},"content":{"rendered":"\t\t<div data-elementor-type=\"wp-post\" data-elementor-id=\"372151\" class=\"elementor elementor-372151 elementor-372109\" data-elementor-post-type=\"post\">\n\t\t\t\t<div class=\"elementor-element elementor-element-5a2d334 e-flex e-con-boxed e-con e-parent\" data-id=\"5a2d334\" data-element_type=\"container\" data-e-type=\"container\">\n\t\t\t\t\t<div class=\"e-con-inner\">\n\t\t<div class=\"elementor-element elementor-element-db6c26f e-con-full e-flex e-con e-child\" data-id=\"db6c26f\" data-element_type=\"container\" data-e-type=\"container\">\n\t\t\t\t<div class=\"elementor-element elementor-element-e504f4c elementor-widget elementor-widget-text-editor\" data-id=\"e504f4c\" data-element_type=\"widget\" data-e-type=\"widget\" data-widget_type=\"text-editor.default\">\n\t\t\t\t\t\t\t\t\t<p>Casablanca, le 3 novembre 2025 \u2013 La cinqui\u00e8me \u00e9dition de l\u2019Africa Financial Summit &#8211; AFIS s\u2019ouvre aujourd\u2019hui \u00e0 Casablanca, sous le th\u00e8me : \u00ab <strong><em><strong>Lib\u00e9rons la puissance financi\u00e8re de l&#8217;Afrique &#8211; Il est temps de mobiliser \u00e0 grande \u00e9chelle les capitaux nationaux<\/strong><\/em><\/strong> \u00bb.<\/p><p>Organis\u00e9 par Jeune Afrique Media Group, en partenariat avec la Soci\u00e9t\u00e9 financi\u00e8re internationale (IFC), membre du Groupe de la Banque mondiale et le Royaume du Maroc, l\u2019AFIS 2025 r\u00e9unit pendant deux jours plus de 1 200 dirigeants financiers, d\u00e9cideurs publics et r\u00e9gulateurs venus de tout le continent et du reste du monde.<\/p><p>Depuis sa cr\u00e9ation en 2021, l\u2019AFIS s\u2019est impos\u00e9 comme la principale plateforme de dialogue public-priv\u00e9 d\u00e9di\u00e9e \u00e0 la construction d\u2019une industrie financi\u00e8re africaine de classe mondiale. Cette nouvelle \u00e9dition marque une \u00e9tape cl\u00e9 dans la r\u00e9flexion collective sur la mobilisation des capitaux du continent. Dans un environnement global caract\u00e9ris\u00e9 par des taux d\u2019int\u00e9r\u00eat \u00e9lev\u00e9s, des tensions g\u00e9opolitiques persistantes et une s\u00e9lectivit\u00e9 accrue des capitaux internationaux, les acteurs africains s\u2019accordent sur une priorit\u00e9 : b\u00e2tir des \u00e9cosyst\u00e8mes financiers capables de mobiliser et d\u2019orienter l\u2019\u00e9pargne africaine vers les investissements productifs du continent.  <\/p><p>As many major transformation projects in energy, infrastructure, and digital sectors require massive investment, Africa must be able to rely more heavily on its own financing levers. The paradox of a resource-rich yet under-financed continent is at the heart of this year\u2019s AFIS discussions. To address it, participants will explore suitable regulatory frameworks, innovative financial instruments, and public-private partnerships capable of turning African economies into regional investment powerhouses.  <\/p><p><strong>Amir Ben Yahmed<\/strong>, Pr\u00e9sident l\u2019Africa Financial Summit, a d\u00e9clar\u00e9 : \u00ab <em>L\u2019Afrique ne manque pas de capital : il est dans nos banques, nos march\u00e9s, nos fonds d\u2019assurance et jusque dans nos t\u00e9l\u00e9phones. Ce qui lui manque encore, c\u2019est une r\u00e9gulation ambitieuse et des passerelles solides pour faire circuler ce capital au service du d\u00e9veloppement. C\u2019est tout le sens d\u2019AFIS : rassembler les acteurs de la finance africaine pour b\u00e2tir ensemble une architecture capable de financer nos propres ambitions.<\/em> \u00bb<\/p><p>\u00ab <em>La mobilisation de toutes nos ressources \u2013 \u00e9pargne africaine, march\u00e9s r\u00e9gionaux, investissements strat\u00e9giques internationaux \u2013 est la cl\u00e9 d\u2019une croissance durable. Le th\u00e8me de L\u2019AFIS de cette ann\u00e9e \u2013 Lib\u00e9rer la puissance financi\u00e8re de l\u2019Afrique : mobiliser \u00e0 grande \u00e9chelle les capitaux domestiques \u2013 illustre la n\u00e9cessit\u00e9 de cette transformation. La r\u00e9ussite d\u00e9pendra de nous tous. <\/em>\u00bb a d\u00e9clar\u00e9 <strong>Makhtar Diop<\/strong>, Directeur g\u00e9n\u00e9ral de la Soci\u00e9t\u00e9 financi\u00e8re internationale (IFC).<\/p><p><strong>S.E Mme Nadia Fettah<\/strong>, Ministre de l&#8217;\u00c9conomie et des Finances, a d\u00e9clar\u00e9 : \u00ab<em> La souverainet\u00e9 financi\u00e8re n\u2019est pas un slogan, c\u2019est une exigence, un devoir collectif, un passage de t\u00e9moin entre les g\u00e9n\u00e9rations africaines. Ces paroles nous obligent (\u2026) L\u2019Afrique ne cherche pas \u00e0 s\u2019isoler du monde. Elle ne veut ni \u00e9riger des murs, ni se couper des \u00e9changes, mais reprendre la main sur son destin \u00e9conomique. Elle veut pouvoir choisir ses partenariats, peser sur les r\u00e8gles du jeu mondial et orienter ses priorit\u00e9s en fonction de ses propres besoins, et non plus selon les cycles ou les contraintes dict\u00e9s d\u2019ailleurs. <\/em>\u00bb<\/p><p>Pendant deux jours, plus d\u2019une trentaine de conf\u00e9rences, ateliers et tables rondes offriront aux participants l\u2019occasion de contribuer activement \u00e0 la transformation du paysage financier africain. L\u2019AFIS 2025 rassemblera les dirigeants des principales institutions bancaires et assurantielles, des fintechs, des bourses r\u00e9gionales et des autorit\u00e9s de r\u00e9gulation, pour construire ensemble les fondations d\u2019une finance africaine r\u00e9siliente, int\u00e9gr\u00e9e et tourn\u00e9e vers l\u2019avenir. <\/p><p>Parmi les personnalit\u00e9s pr\u00e9sentes \u00e0 Casablanca figurent notamment les dirigeants des plus grandes institutions financi\u00e8res de d\u00e9veloppement tels que Makhtar Diop (IFC), Serge Eku\u00e9 (BOAD), <strong>Dr. George Agyekum Donkor<\/strong> (Banque d\u2019Investissement et de D\u00e9veloppement de la CEDEAO), Jules Ngankam (African Guarantee Fund) et <strong>Ethiopis Tafara <\/strong>(IFC). Les repr\u00e9sentants des principales banques, compagnies d\u2019assurance, march\u00e9s de capitaux, fintech et fonds de pension du continent sont \u00e9galement au rendez-vous : Aigboje Aig-Imoukhuede (Access Holdings &amp; Coronation Group), Mohamed El Kettani (Attijariwafa Bank), Jeremy Awori (Ecobank), Mohamed Bah (SUNU Group), Idrissa Nassa (Coris Bank International), Thierry Hebraud (MCB), Amine Bouabid (Bank of Africa), Lu\u00eds Filipe Rodrigues L\u00e9lis (Banco Angolano De Investimentos), Abdeslam Alaoui Smaili (HPS), Mohamed Hassan Bensalah (Holmarcom), Solomon Quaynor (BAD), Dr. Tilahun Esmael Kassahun (Ethiopian Securities Exchange), Abdou Diop (Forvis Mazars), Edoh Kossi Amenounv\u00e9 (BRVM),               Isabel Espirito Santo (Banco Millenium Atlantica), Ouafae Mriouah (Atlantic Re) , Khalid Safir (CDG Maroc) Gilles Tchamba (l\u2019Archer), Karim Ezzeddine (SkyKapital), Haytham El Maayergi (Afreximbank), Corneille Karekezi (Africa Re) et Cheryl Buss (ABSA international).   <\/p><p>C\u00f4t\u00e9 secteur public, 10 gouverneurs et gouverneurs adjoints de banques centrales et 6 ministres et repr\u00e9sentants sont attendus, parmi lesquels Nadia Fettah (ministre de l\u2019\u00c9conomie et des Finances, Maroc), Abdellatif Jouahri (Bank Al-Maghrib), Jean-Claude Kassi Brou (BCEAO), Manuel Antonio Tiago Dias (Banco Nacional de Angola) et Andr\u00e9 Wameso Nkualoloki (Banque Centrale du Congo). Une quinzaine de dirigeants d\u2019autorit\u00e9 de r\u00e9gulation des march\u00e9s de capitaux et des assurances participeront \u00e9galement aux 45 sessions, dont Tarik Senhaji (AMMC) et Hana Tehelku (Ethiopian Capital Market Authority). <\/p><p>Pour la deuxi\u00e8me ann\u00e9e cons\u00e9cutive, Casablanca accueille l\u2019AFIS. Ce choix illustre la place centrale du Maroc dans le d\u00e9veloppement du potentiel financier africain. Avec une Bourse r\u00e9gionale performante, un syst\u00e8me bancaire solide et une politique d\u2019int\u00e9gration continentale affirm\u00e9e, le Royaume incarne le lien strat\u00e9gique entre innovation, stabilit\u00e9 et vision panafricaine.  <\/p><p><em>\u2022 Plus de 1 200 financiers, ministres, gouverneurs de banques centrales et dirigeants d\u2019institutions africaines sont r\u00e9unis pour d\u00e9finir les conditions d\u2019une finance africaine solide et performante.<\/em><\/p><p><em>\u2022 Les d\u00e9bats porteront sur la mobilisation du capital domestique et r\u00e9gional, la modernisation des march\u00e9s financiers et le financement des grandes priorit\u00e9s du continent : infrastructures, \u00e9nergie, agriculture, industrialisation et innovation num\u00e9rique.<\/em><\/p><p><em>\u2022 L\u2019\u00e9dition 2025 s\u2019affirme comme le rendez-vous panafricain de la transformation financi\u00e8re, au moment o\u00f9 les capitaux internationaux se rar\u00e9fient et o\u00f9 les \u00e9conomies africaines doivent miser sur leurs propres ressources pour b\u00e2tir un avenir durable et inclusif.<\/em><\/p>\t\t\t\t\t\t\t\t<\/div>\n\t\t\t\t<\/div>\n\t\t\t\t<div class=\"elementor-element elementor-element-103330d elementor-widget-divider--view-line elementor-widget elementor-widget-divider\" data-id=\"103330d\" data-element_type=\"widget\" data-e-type=\"widget\" data-widget_type=\"divider.default\">\n\t\t\t\t\t\t\t<div class=\"elementor-divider\">\n\t\t\t<span class=\"elementor-divider-separator\">\n\t\t\t\t\t\t<\/span>\n\t\t<\/div>\n\t\t\t\t\t\t<\/div>\n\t\t\t\t<div class=\"elementor-element elementor-element-a1ffea5 elementor-widget elementor-widget-text-editor\" data-id=\"a1ffea5\" data-element_type=\"widget\" data-e-type=\"widget\" data-widget_type=\"text-editor.default\">\n\t\t\t\t\t\t\t\t\t<p><strong>\u00c0 propos de l\u2019Africa Financial Summit (AFIS)<\/strong><\/p><p>Fond\u00e9 par Jeune Afrique Media Group en 2021, avec le soutien de l\u2019IFC, l\u2019Africa Financial Summit-AFIS est une organisation s\u0153ur de l\u2019Africa CEO Forum, la principale plateforme du secteur priv\u00e9 africain. L\u2019AFIS vise \u00e0 b\u00e2tir une industrie financi\u00e8re solide au service de l\u2019\u00e9conomie r\u00e9elle et du d\u00e9veloppement durable. Rassemblant les personnalit\u00e9s et institutions les plus influentes de la finance africaine ainsi que les r\u00e9gulateurs, l\u2019AFIS \u0153uvre pour renforcer l\u2019inclusion financi\u00e8re et favoriser l\u2019\u00e9mergence d\u2019un v\u00e9ritable secteur de services financiers panafricain. Pour de plus amples informations, consulter le site <a href=\"https:\/\/www.afis.africa\/fr\/afis-2025\/annual-summit\/\">https:\/\/www.afis.africa\/<\/a>.   <\/p><p><strong>\u00c0 propos de la Soci\u00e9t\u00e9 financi\u00e8re internationale (IFC)<\/strong><\/p><p>La Soci\u00e9t\u00e9 financi\u00e8re internationale (IFC), membre du Groupe de la Banque mondiale, est la principale institution de d\u00e9veloppement ax\u00e9e sur le secteur priv\u00e9 dans les pays \u00e9mergents. Elle m\u00e8ne des op\u00e9rations dans plus d\u2019une centaine de pays, consacrant son capital, ses comp\u00e9tences et son influence \u00e0 la cr\u00e9ation de march\u00e9s et d\u2019opportunit\u00e9s dans les pays en d\u00e9veloppement. Au cours de l\u2019exercice 2025, IFC a engag\u00e9 un montant record de 71,7 milliards de dollars en faveur de soci\u00e9t\u00e9s priv\u00e9es et d\u2019institutions financi\u00e8res dans des pays en d\u00e9veloppement, en s&#8217;appuyant sur des solutions du secteur priv\u00e9 et en mobilisant des capitaux priv\u00e9s pour cr\u00e9er un monde sans pauvret\u00e9 sur une plan\u00e8te vivable. Pour de plus amples informations, consulter le site<a href=\"http:\/\/www.ifc.org\"> www.ifc.org<\/a>.   <\/p>\t\t\t\t\t\t\t\t<\/div>\n\t\t\t\t<div class=\"elementor-element elementor-element-262b430 elementor-widget-divider--view-line elementor-widget elementor-widget-divider\" data-id=\"262b430\" data-element_type=\"widget\" data-e-type=\"widget\" data-widget_type=\"divider.default\">\n\t\t\t\t\t\t\t<div class=\"elementor-divider\">\n\t\t\t<span class=\"elementor-divider-separator\">\n\t\t\t\t\t\t<\/span>\n\t\t<\/div>\n\t\t\t\t\t\t<\/div>\n\t\t\t\t<div class=\"elementor-element elementor-element-8b87e0d elementor-widget elementor-widget-text-editor\" data-id=\"8b87e0d\" data-element_type=\"widget\" data-e-type=\"widget\" data-widget_type=\"text-editor.default\">\n\t\t\t\t\t\t\t\t\t<p><strong>Contacts presse<\/strong><\/p><p>Soukaina Harti \u2013 <a href=\"mailto:s.harti@jeuneafrique.com\">s.harti@jeuneafrique.com<\/a><\/p><p>Thibaut Cabrera \u2013 <a href=\"mailto:t.cabrera.ext@jeuneafrique.com\">t.cabrera.ext@jeuneafrique.com<\/a><\/p>\t\t\t\t\t\t\t\t<\/div>\n\t\t\t\t\t<\/div>\n\t\t\t\t<\/div>\n\t\t\t\t<\/div>\n\t\t","protected":false},"excerpt":{"rendered":"<p>Casablanca, le 3 novembre 2025 \u2013 La cinqui\u00e8me \u00e9dition de l\u2019Africa Financial Summit &#8211; AFIS s\u2019ouvre aujourd\u2019hui \u00e0 Casablanca, sous le th\u00e8me : \u00ab Lib\u00e9rons la puissance financi\u00e8re de l&#8217;Afrique &#8211; Il est temps de mobiliser \u00e0 grande \u00e9chelle les capitaux nationaux \u00bb. Organis\u00e9 par Jeune Afrique Media Group, en partenariat avec la Soci\u00e9t\u00e9 financi\u00e8re [&hellip;]<\/p>\n","protected":false},"author":5,"featured_media":372111,"comment_status":"open","ping_status":"open","sticky":false,"template":"","format":"standard","meta":{"_acf_changed":false,"footnotes":""},"categories":[89],"tags":[],"class_list":["post-372151","post","type-post","status-publish","format-standard","has-post-thumbnail","hentry","category-communique-presse"],"acf":[],"yoast_head":"<!-- This site is optimized with the Yoast SEO plugin v27.3 - https:\/\/yoast.com\/product\/yoast-seo-wordpress\/ -->\n<title>Communiqu\u00e9 de presse : AFIS 2025 - Un sommet pour lib\u00e9rer la puissance financi\u00e8re africaine et mieux b\u00e2tir l\u2019avenir - The African Financial Summit Platform<\/title>\n<meta name=\"robots\" content=\"index, follow, max-snippet:-1, max-image-preview:large, max-video-preview:-1\" \/>\n<link rel=\"canonical\" href=\"https:\/\/www.afis.africa\/fr\/communique-de-presse-afis-2025-un-sommet-pour-liberer-la-puissance-financiere-africaine-et-mieux-batir-lavenir\/\" \/>\n<meta property=\"og:locale\" content=\"fr_FR\" \/>\n<meta property=\"og:type\" content=\"article\" \/>\n<meta property=\"og:title\" content=\"Communiqu\u00e9 de presse : AFIS 2025 - Un sommet pour lib\u00e9rer la puissance financi\u00e8re africaine et mieux b\u00e2tir l\u2019avenir - The African Financial Summit Platform\" \/>\n<meta property=\"og:description\" content=\"Casablanca, le 3 novembre 2025 \u2013 La cinqui\u00e8me \u00e9dition de l\u2019Africa Financial Summit &#8211; AFIS s\u2019ouvre aujourd\u2019hui \u00e0 Casablanca, sous le th\u00e8me : \u00ab Lib\u00e9rons la puissance financi\u00e8re de l&#8217;Afrique &#8211; Il est temps de mobiliser \u00e0 grande \u00e9chelle les capitaux nationaux \u00bb. Organis\u00e9 par Jeune Afrique Media Group, en partenariat avec la Soci\u00e9t\u00e9 financi\u00e8re [&hellip;]\" \/>\n<meta property=\"og:url\" content=\"https:\/\/www.afis.africa\/fr\/communique-de-presse-afis-2025-un-sommet-pour-liberer-la-puissance-financiere-africaine-et-mieux-batir-lavenir\/\" \/>\n<meta property=\"og:site_name\" content=\"The African Financial Summit Platform\" \/>\n<meta property=\"article:published_time\" content=\"2025-11-05T21:00:47+00:00\" \/>\n<meta property=\"article:modified_time\" content=\"2025-11-06T14:39:42+00:00\" \/>\n<meta property=\"og:image\" content=\"https:\/\/www.afis.africa\/wp-content\/uploads\/2025\/11\/OPINION-AFRICAN-BANKING-NEEDS-AN-ADAPTED-CONTINENT-.-3.png\" \/>\n\t<meta property=\"og:image:width\" content=\"1920\" \/>\n\t<meta property=\"og:image:height\" content=\"1080\" \/>\n\t<meta property=\"og:image:type\" content=\"image\/png\" \/>\n<meta name=\"author\" content=\"Samuel SAUVAGEAU AUDET\" \/>\n<meta name=\"twitter:card\" content=\"summary_large_image\" \/>\n<meta name=\"twitter:label1\" content=\"\u00c9crit par\" \/>\n\t<meta name=\"twitter:data1\" content=\"Samuel SAUVAGEAU AUDET\" \/>\n\t<meta name=\"twitter:label2\" content=\"Dur\u00e9e de lecture estim\u00e9e\" \/>\n\t<meta name=\"twitter:data2\" content=\"7 minutes\" \/>\n<script type=\"application\/ld+json\" class=\"yoast-schema-graph\">{\"@context\":\"https:\\\/\\\/schema.org\",\"@graph\":[{\"@type\":\"Article\",\"@id\":\"https:\\\/\\\/www.afis.africa\\\/fr\\\/communique-de-presse-afis-2025-un-sommet-pour-liberer-la-puissance-financiere-africaine-et-mieux-batir-lavenir\\\/#article\",\"isPartOf\":{\"@id\":\"https:\\\/\\\/www.afis.africa\\\/fr\\\/communique-de-presse-afis-2025-un-sommet-pour-liberer-la-puissance-financiere-africaine-et-mieux-batir-lavenir\\\/\"},\"author\":{\"name\":\"Samuel SAUVAGEAU AUDET\",\"@id\":\"https:\\\/\\\/www.afis.africa\\\/fr\\\/#\\\/schema\\\/person\\\/74a4965736a4a297588caad935a6d448\"},\"headline\":\"Communiqu\u00e9 de presse : AFIS 2025 &#8211; Un sommet pour lib\u00e9rer la puissance financi\u00e8re africaine et mieux b\u00e2tir l\u2019avenir\",\"datePublished\":\"2025-11-05T21:00:47+00:00\",\"dateModified\":\"2025-11-06T14:39:42+00:00\",\"mainEntityOfPage\":{\"@id\":\"https:\\\/\\\/www.afis.africa\\\/fr\\\/communique-de-presse-afis-2025-un-sommet-pour-liberer-la-puissance-financiere-africaine-et-mieux-batir-lavenir\\\/\"},\"wordCount\":1359,\"commentCount\":0,\"publisher\":{\"@id\":\"https:\\\/\\\/www.afis.africa\\\/fr\\\/#organization\"},\"image\":{\"@id\":\"https:\\\/\\\/www.afis.africa\\\/fr\\\/communique-de-presse-afis-2025-un-sommet-pour-liberer-la-puissance-financiere-africaine-et-mieux-batir-lavenir\\\/#primaryimage\"},\"thumbnailUrl\":\"https:\\\/\\\/www.afis.africa\\\/wp-content\\\/uploads\\\/2025\\\/11\\\/OPINION-AFRICAN-BANKING-NEEDS-AN-ADAPTED-CONTINENT-.-3.png\",\"articleSection\":[\"Communiqu\u00e9 de presse\"],\"inLanguage\":\"fr-FR\",\"potentialAction\":[{\"@type\":\"CommentAction\",\"name\":\"Comment\",\"target\":[\"https:\\\/\\\/www.afis.africa\\\/fr\\\/communique-de-presse-afis-2025-un-sommet-pour-liberer-la-puissance-financiere-africaine-et-mieux-batir-lavenir\\\/#respond\"]}]},{\"@type\":\"WebPage\",\"@id\":\"https:\\\/\\\/www.afis.africa\\\/fr\\\/communique-de-presse-afis-2025-un-sommet-pour-liberer-la-puissance-financiere-africaine-et-mieux-batir-lavenir\\\/\",\"url\":\"https:\\\/\\\/www.afis.africa\\\/fr\\\/communique-de-presse-afis-2025-un-sommet-pour-liberer-la-puissance-financiere-africaine-et-mieux-batir-lavenir\\\/\",\"name\":\"Communiqu\u00e9 de presse : AFIS 2025 - Un sommet pour lib\u00e9rer la puissance financi\u00e8re africaine et mieux b\u00e2tir l\u2019avenir - The African Financial Summit Platform\",\"isPartOf\":{\"@id\":\"https:\\\/\\\/www.afis.africa\\\/fr\\\/#website\"},\"primaryImageOfPage\":{\"@id\":\"https:\\\/\\\/www.afis.africa\\\/fr\\\/communique-de-presse-afis-2025-un-sommet-pour-liberer-la-puissance-financiere-africaine-et-mieux-batir-lavenir\\\/#primaryimage\"},\"image\":{\"@id\":\"https:\\\/\\\/www.afis.africa\\\/fr\\\/communique-de-presse-afis-2025-un-sommet-pour-liberer-la-puissance-financiere-africaine-et-mieux-batir-lavenir\\\/#primaryimage\"},\"thumbnailUrl\":\"https:\\\/\\\/www.afis.africa\\\/wp-content\\\/uploads\\\/2025\\\/11\\\/OPINION-AFRICAN-BANKING-NEEDS-AN-ADAPTED-CONTINENT-.-3.png\",\"datePublished\":\"2025-11-05T21:00:47+00:00\",\"dateModified\":\"2025-11-06T14:39:42+00:00\",\"breadcrumb\":{\"@id\":\"https:\\\/\\\/www.afis.africa\\\/fr\\\/communique-de-presse-afis-2025-un-sommet-pour-liberer-la-puissance-financiere-africaine-et-mieux-batir-lavenir\\\/#breadcrumb\"},\"inLanguage\":\"fr-FR\",\"potentialAction\":[{\"@type\":\"ReadAction\",\"target\":[\"https:\\\/\\\/www.afis.africa\\\/fr\\\/communique-de-presse-afis-2025-un-sommet-pour-liberer-la-puissance-financiere-africaine-et-mieux-batir-lavenir\\\/\"]}]},{\"@type\":\"ImageObject\",\"inLanguage\":\"fr-FR\",\"@id\":\"https:\\\/\\\/www.afis.africa\\\/fr\\\/communique-de-presse-afis-2025-un-sommet-pour-liberer-la-puissance-financiere-africaine-et-mieux-batir-lavenir\\\/#primaryimage\",\"url\":\"https:\\\/\\\/www.afis.africa\\\/wp-content\\\/uploads\\\/2025\\\/11\\\/OPINION-AFRICAN-BANKING-NEEDS-AN-ADAPTED-CONTINENT-.-3.png\",\"contentUrl\":\"https:\\\/\\\/www.afis.africa\\\/wp-content\\\/uploads\\\/2025\\\/11\\\/OPINION-AFRICAN-BANKING-NEEDS-AN-ADAPTED-CONTINENT-.-3.png\",\"width\":1920,\"height\":1080},{\"@type\":\"BreadcrumbList\",\"@id\":\"https:\\\/\\\/www.afis.africa\\\/fr\\\/communique-de-presse-afis-2025-un-sommet-pour-liberer-la-puissance-financiere-africaine-et-mieux-batir-lavenir\\\/#breadcrumb\",\"itemListElement\":[{\"@type\":\"ListItem\",\"position\":1,\"name\":\"Home\",\"item\":\"https:\\\/\\\/www.afis.africa\\\/fr\\\/\"},{\"@type\":\"ListItem\",\"position\":2,\"name\":\"Communiqu\u00e9 de presse : AFIS 2025 &#8211; Un sommet pour lib\u00e9rer la puissance financi\u00e8re africaine et mieux b\u00e2tir l\u2019avenir\"}]},{\"@type\":\"WebSite\",\"@id\":\"https:\\\/\\\/www.afis.africa\\\/fr\\\/#website\",\"url\":\"https:\\\/\\\/www.afis.africa\\\/fr\\\/\",\"name\":\"The African Financial Summit Platform\",\"description\":\"\",\"publisher\":{\"@id\":\"https:\\\/\\\/www.afis.africa\\\/fr\\\/#organization\"},\"potentialAction\":[{\"@type\":\"SearchAction\",\"target\":{\"@type\":\"EntryPoint\",\"urlTemplate\":\"https:\\\/\\\/www.afis.africa\\\/fr\\\/?s={search_term_string}\"},\"query-input\":{\"@type\":\"PropertyValueSpecification\",\"valueRequired\":true,\"valueName\":\"search_term_string\"}}],\"inLanguage\":\"fr-FR\"},{\"@type\":\"Organization\",\"@id\":\"https:\\\/\\\/www.afis.africa\\\/fr\\\/#organization\",\"name\":\"The African Financial Summit Platform\",\"url\":\"https:\\\/\\\/www.afis.africa\\\/fr\\\/\",\"logo\":{\"@type\":\"ImageObject\",\"inLanguage\":\"fr-FR\",\"@id\":\"https:\\\/\\\/www.afis.africa\\\/fr\\\/#\\\/schema\\\/logo\\\/image\\\/\",\"url\":\"https:\\\/\\\/www.afis.africa\\\/wp-content\\\/uploads\\\/2022\\\/10\\\/cropped-AFIS-1-1.jpg\",\"contentUrl\":\"https:\\\/\\\/www.afis.africa\\\/wp-content\\\/uploads\\\/2022\\\/10\\\/cropped-AFIS-1-1.jpg\",\"width\":529,\"height\":191,\"caption\":\"The African Financial Summit Platform\"},\"image\":{\"@id\":\"https:\\\/\\\/www.afis.africa\\\/fr\\\/#\\\/schema\\\/logo\\\/image\\\/\"}},{\"@type\":\"Person\",\"@id\":\"https:\\\/\\\/www.afis.africa\\\/fr\\\/#\\\/schema\\\/person\\\/74a4965736a4a297588caad935a6d448\",\"name\":\"Samuel SAUVAGEAU AUDET\",\"image\":{\"@type\":\"ImageObject\",\"inLanguage\":\"fr-FR\",\"@id\":\"https:\\\/\\\/secure.gravatar.com\\\/avatar\\\/6bc8de1f52d11d0d0c8962297aed912ab8b4077eef5c6c41504b641b7a7c1121?s=96&d=mm&r=g\",\"url\":\"https:\\\/\\\/secure.gravatar.com\\\/avatar\\\/6bc8de1f52d11d0d0c8962297aed912ab8b4077eef5c6c41504b641b7a7c1121?s=96&d=mm&r=g\",\"contentUrl\":\"https:\\\/\\\/secure.gravatar.com\\\/avatar\\\/6bc8de1f52d11d0d0c8962297aed912ab8b4077eef5c6c41504b641b7a7c1121?s=96&d=mm&r=g\",\"caption\":\"Samuel SAUVAGEAU AUDET\"},\"url\":\"https:\\\/\\\/www.afis.africa\\\/fr\\\/author\\\/s-sauvageau-audetjeuneafrique-com\\\/\"}]}<\/script>\n<!-- \/ Yoast SEO plugin. -->","yoast_head_json":{"title":"Communiqu\u00e9 de presse : AFIS 2025 - Un sommet pour lib\u00e9rer la puissance financi\u00e8re africaine et mieux b\u00e2tir l\u2019avenir - The African Financial Summit Platform","robots":{"index":"index","follow":"follow","max-snippet":"max-snippet:-1","max-image-preview":"max-image-preview:large","max-video-preview":"max-video-preview:-1"},"canonical":"https:\/\/www.afis.africa\/fr\/communique-de-presse-afis-2025-un-sommet-pour-liberer-la-puissance-financiere-africaine-et-mieux-batir-lavenir\/","og_locale":"fr_FR","og_type":"article","og_title":"Communiqu\u00e9 de presse : AFIS 2025 - Un sommet pour lib\u00e9rer la puissance financi\u00e8re africaine et mieux b\u00e2tir l\u2019avenir - The African Financial Summit Platform","og_description":"Casablanca, le 3 novembre 2025 \u2013 La cinqui\u00e8me \u00e9dition de l\u2019Africa Financial Summit &#8211; AFIS s\u2019ouvre aujourd\u2019hui \u00e0 Casablanca, sous le th\u00e8me : \u00ab Lib\u00e9rons la puissance financi\u00e8re de l&#8217;Afrique &#8211; Il est temps de mobiliser \u00e0 grande \u00e9chelle les capitaux nationaux \u00bb. Organis\u00e9 par Jeune Afrique Media Group, en partenariat avec la Soci\u00e9t\u00e9 financi\u00e8re [&hellip;]","og_url":"https:\/\/www.afis.africa\/fr\/communique-de-presse-afis-2025-un-sommet-pour-liberer-la-puissance-financiere-africaine-et-mieux-batir-lavenir\/","og_site_name":"The African Financial Summit Platform","article_published_time":"2025-11-05T21:00:47+00:00","article_modified_time":"2025-11-06T14:39:42+00:00","og_image":[{"width":1920,"height":1080,"url":"https:\/\/www.afis.africa\/wp-content\/uploads\/2025\/11\/OPINION-AFRICAN-BANKING-NEEDS-AN-ADAPTED-CONTINENT-.-3.png","type":"image\/png"}],"author":"Samuel SAUVAGEAU AUDET","twitter_card":"summary_large_image","twitter_misc":{"\u00c9crit par":"Samuel SAUVAGEAU AUDET","Dur\u00e9e de lecture estim\u00e9e":"7 minutes"},"schema":{"@context":"https:\/\/schema.org","@graph":[{"@type":"Article","@id":"https:\/\/www.afis.africa\/fr\/communique-de-presse-afis-2025-un-sommet-pour-liberer-la-puissance-financiere-africaine-et-mieux-batir-lavenir\/#article","isPartOf":{"@id":"https:\/\/www.afis.africa\/fr\/communique-de-presse-afis-2025-un-sommet-pour-liberer-la-puissance-financiere-africaine-et-mieux-batir-lavenir\/"},"author":{"name":"Samuel SAUVAGEAU AUDET","@id":"https:\/\/www.afis.africa\/fr\/#\/schema\/person\/74a4965736a4a297588caad935a6d448"},"headline":"Communiqu\u00e9 de presse : AFIS 2025 &#8211; Un sommet pour lib\u00e9rer la puissance financi\u00e8re africaine et mieux b\u00e2tir l\u2019avenir","datePublished":"2025-11-05T21:00:47+00:00","dateModified":"2025-11-06T14:39:42+00:00","mainEntityOfPage":{"@id":"https:\/\/www.afis.africa\/fr\/communique-de-presse-afis-2025-un-sommet-pour-liberer-la-puissance-financiere-africaine-et-mieux-batir-lavenir\/"},"wordCount":1359,"commentCount":0,"publisher":{"@id":"https:\/\/www.afis.africa\/fr\/#organization"},"image":{"@id":"https:\/\/www.afis.africa\/fr\/communique-de-presse-afis-2025-un-sommet-pour-liberer-la-puissance-financiere-africaine-et-mieux-batir-lavenir\/#primaryimage"},"thumbnailUrl":"https:\/\/www.afis.africa\/wp-content\/uploads\/2025\/11\/OPINION-AFRICAN-BANKING-NEEDS-AN-ADAPTED-CONTINENT-.-3.png","articleSection":["Communiqu\u00e9 de presse"],"inLanguage":"fr-FR","potentialAction":[{"@type":"CommentAction","name":"Comment","target":["https:\/\/www.afis.africa\/fr\/communique-de-presse-afis-2025-un-sommet-pour-liberer-la-puissance-financiere-africaine-et-mieux-batir-lavenir\/#respond"]}]},{"@type":"WebPage","@id":"https:\/\/www.afis.africa\/fr\/communique-de-presse-afis-2025-un-sommet-pour-liberer-la-puissance-financiere-africaine-et-mieux-batir-lavenir\/","url":"https:\/\/www.afis.africa\/fr\/communique-de-presse-afis-2025-un-sommet-pour-liberer-la-puissance-financiere-africaine-et-mieux-batir-lavenir\/","name":"Communiqu\u00e9 de presse : AFIS 2025 - Un sommet pour lib\u00e9rer la puissance financi\u00e8re africaine et mieux b\u00e2tir l\u2019avenir - The African Financial Summit Platform","isPartOf":{"@id":"https:\/\/www.afis.africa\/fr\/#website"},"primaryImageOfPage":{"@id":"https:\/\/www.afis.africa\/fr\/communique-de-presse-afis-2025-un-sommet-pour-liberer-la-puissance-financiere-africaine-et-mieux-batir-lavenir\/#primaryimage"},"image":{"@id":"https:\/\/www.afis.africa\/fr\/communique-de-presse-afis-2025-un-sommet-pour-liberer-la-puissance-financiere-africaine-et-mieux-batir-lavenir\/#primaryimage"},"thumbnailUrl":"https:\/\/www.afis.africa\/wp-content\/uploads\/2025\/11\/OPINION-AFRICAN-BANKING-NEEDS-AN-ADAPTED-CONTINENT-.-3.png","datePublished":"2025-11-05T21:00:47+00:00","dateModified":"2025-11-06T14:39:42+00:00","breadcrumb":{"@id":"https:\/\/www.afis.africa\/fr\/communique-de-presse-afis-2025-un-sommet-pour-liberer-la-puissance-financiere-africaine-et-mieux-batir-lavenir\/#breadcrumb"},"inLanguage":"fr-FR","potentialAction":[{"@type":"ReadAction","target":["https:\/\/www.afis.africa\/fr\/communique-de-presse-afis-2025-un-sommet-pour-liberer-la-puissance-financiere-africaine-et-mieux-batir-lavenir\/"]}]},{"@type":"ImageObject","inLanguage":"fr-FR","@id":"https:\/\/www.afis.africa\/fr\/communique-de-presse-afis-2025-un-sommet-pour-liberer-la-puissance-financiere-africaine-et-mieux-batir-lavenir\/#primaryimage","url":"https:\/\/www.afis.africa\/wp-content\/uploads\/2025\/11\/OPINION-AFRICAN-BANKING-NEEDS-AN-ADAPTED-CONTINENT-.-3.png","contentUrl":"https:\/\/www.afis.africa\/wp-content\/uploads\/2025\/11\/OPINION-AFRICAN-BANKING-NEEDS-AN-ADAPTED-CONTINENT-.-3.png","width":1920,"height":1080},{"@type":"BreadcrumbList","@id":"https:\/\/www.afis.africa\/fr\/communique-de-presse-afis-2025-un-sommet-pour-liberer-la-puissance-financiere-africaine-et-mieux-batir-lavenir\/#breadcrumb","itemListElement":[{"@type":"ListItem","position":1,"name":"Home","item":"https:\/\/www.afis.africa\/fr\/"},{"@type":"ListItem","position":2,"name":"Communiqu\u00e9 de presse : AFIS 2025 &#8211; Un sommet pour lib\u00e9rer la puissance financi\u00e8re africaine et mieux b\u00e2tir l\u2019avenir"}]},{"@type":"WebSite","@id":"https:\/\/www.afis.africa\/fr\/#website","url":"https:\/\/www.afis.africa\/fr\/","name":"The African Financial Summit Platform","description":"","publisher":{"@id":"https:\/\/www.afis.africa\/fr\/#organization"},"potentialAction":[{"@type":"SearchAction","target":{"@type":"EntryPoint","urlTemplate":"https:\/\/www.afis.africa\/fr\/?s={search_term_string}"},"query-input":{"@type":"PropertyValueSpecification","valueRequired":true,"valueName":"search_term_string"}}],"inLanguage":"fr-FR"},{"@type":"Organization","@id":"https:\/\/www.afis.africa\/fr\/#organization","name":"The African Financial Summit Platform","url":"https:\/\/www.afis.africa\/fr\/","logo":{"@type":"ImageObject","inLanguage":"fr-FR","@id":"https:\/\/www.afis.africa\/fr\/#\/schema\/logo\/image\/","url":"https:\/\/www.afis.africa\/wp-content\/uploads\/2022\/10\/cropped-AFIS-1-1.jpg","contentUrl":"https:\/\/www.afis.africa\/wp-content\/uploads\/2022\/10\/cropped-AFIS-1-1.jpg","width":529,"height":191,"caption":"The African Financial Summit Platform"},"image":{"@id":"https:\/\/www.afis.africa\/fr\/#\/schema\/logo\/image\/"}},{"@type":"Person","@id":"https:\/\/www.afis.africa\/fr\/#\/schema\/person\/74a4965736a4a297588caad935a6d448","name":"Samuel SAUVAGEAU AUDET","image":{"@type":"ImageObject","inLanguage":"fr-FR","@id":"https:\/\/secure.gravatar.com\/avatar\/6bc8de1f52d11d0d0c8962297aed912ab8b4077eef5c6c41504b641b7a7c1121?s=96&d=mm&r=g","url":"https:\/\/secure.gravatar.com\/avatar\/6bc8de1f52d11d0d0c8962297aed912ab8b4077eef5c6c41504b641b7a7c1121?s=96&d=mm&r=g","contentUrl":"https:\/\/secure.gravatar.com\/avatar\/6bc8de1f52d11d0d0c8962297aed912ab8b4077eef5c6c41504b641b7a7c1121?s=96&d=mm&r=g","caption":"Samuel SAUVAGEAU AUDET"},"url":"https:\/\/www.afis.africa\/fr\/author\/s-sauvageau-audetjeuneafrique-com\/"}]}},"_links":{"self":[{"href":"https:\/\/www.afis.africa\/fr\/wp-json\/wp\/v2\/posts\/372151","targetHints":{"allow":["GET"]}}],"collection":[{"href":"https:\/\/www.afis.africa\/fr\/wp-json\/wp\/v2\/posts"}],"about":[{"href":"https:\/\/www.afis.africa\/fr\/wp-json\/wp\/v2\/types\/post"}],"author":[{"embeddable":true,"href":"https:\/\/www.afis.africa\/fr\/wp-json\/wp\/v2\/users\/5"}],"replies":[{"embeddable":true,"href":"https:\/\/www.afis.africa\/fr\/wp-json\/wp\/v2\/comments?post=372151"}],"version-history":[{"count":1,"href":"https:\/\/www.afis.africa\/fr\/wp-json\/wp\/v2\/posts\/372151\/revisions"}],"predecessor-version":[{"id":372152,"href":"https:\/\/www.afis.africa\/fr\/wp-json\/wp\/v2\/posts\/372151\/revisions\/372152"}],"wp:featuredmedia":[{"embeddable":true,"href":"https:\/\/www.afis.africa\/fr\/wp-json\/wp\/v2\/media\/372111"}],"wp:attachment":[{"href":"https:\/\/www.afis.africa\/fr\/wp-json\/wp\/v2\/media?parent=372151"}],"wp:term":[{"taxonomy":"category","embeddable":true,"href":"https:\/\/www.afis.africa\/fr\/wp-json\/wp\/v2\/categories?post=372151"},{"taxonomy":"post_tag","embeddable":true,"href":"https:\/\/www.afis.africa\/fr\/wp-json\/wp\/v2\/tags?post=372151"}],"curies":[{"name":"wp","href":"https:\/\/api.w.org\/{rel}","templated":true}]}}