{"id":372139,"date":"2025-11-06T09:51:46","date_gmt":"2025-11-06T08:51:46","guid":{"rendered":"https:\/\/www.afis.africa\/communique-de-presse-a-casablanca-afis-2025-conclut-ses-travaux-en-tracant-la-voie-dune-finance-africaine-integree-misant-sur-son-capital\/"},"modified":"2025-11-06T13:27:48","modified_gmt":"2025-11-06T12:27:48","slug":"communique-de-presse-a-casablanca-afis-2025-conclut-ses-travaux-en-tracant-la-voie-dune-finance-africaine-integree-misant-sur-son-capital","status":"publish","type":"post","link":"https:\/\/www.afis.africa\/fr\/communique-de-presse-a-casablanca-afis-2025-conclut-ses-travaux-en-tracant-la-voie-dune-finance-africaine-integree-misant-sur-son-capital\/","title":{"rendered":"Communiqu\u00e9 de presse : \u00c0 Casablanca, AFIS 2025 conclut ses travaux en tra\u00e7ant la voie d\u2019une finance africaine int\u00e9gr\u00e9e misant sur son capital"},"content":{"rendered":"\t\t<div data-elementor-type=\"wp-post\" data-elementor-id=\"372139\" class=\"elementor elementor-372139 elementor-372121\" data-elementor-post-type=\"post\">\n\t\t\t\t<div class=\"elementor-element elementor-element-81876dc e-flex e-con-boxed e-con e-parent\" data-id=\"81876dc\" data-element_type=\"container\" data-e-type=\"container\">\n\t\t\t\t\t<div class=\"e-con-inner\">\n\t\t\t\t<div class=\"elementor-element elementor-element-5ad70a2 elementor-widget elementor-widget-text-editor\" data-id=\"5ad70a2\" data-element_type=\"widget\" data-e-type=\"widget\" data-widget_type=\"text-editor.default\">\n\t\t\t\t\t\t\t\t\t<p><strong>Casablanca, le 5 novembre 2025 <\/strong>\u2013 La cinqui\u00e8me \u00e9dition de l\u2019Africa Financial Summit (AFIS) s\u2019est achev\u00e9e hier soir \u00e0 Casablanca, au terme de deux jours d\u2019\u00e9changes et de d\u00e9bats r\u00e9unissant plus de 1250 d\u00e9cideurs financiers, ministres, gouverneurs de banques centrales, dirigeants d\u2019institutions r\u00e9gionales et acteurs du secteur priv\u00e9 venus de tout le continent et du reste du monde.<\/p><p>Plac\u00e9e sous le th\u00e8me \u00ab Lib\u00e9rer la puissance financi\u00e8re de l\u2019Afrique : il est temps de mobiliser \u00e0 grande \u00e9chelle les capitaux nationaux \u00bb, cette \u00e9dition a d\u00e9montr\u00e9 que la cl\u00e9 du d\u00e9veloppement d\u2019un secteur financier africain solide et performant r\u00e9side moins dans l\u2019aide ou les capitaux ext\u00e9rieurs que dans la mobilisation des ressources africaines elles-m\u00eames. Dans un contexte mondial de rar\u00e9faction des capitaux internationaux et de resserrement mon\u00e9taire, les participants ont r\u00e9affirm\u00e9 une conviction partag\u00e9e : l\u2019Afrique doit d\u00e9sormais miser sur ses propres ressources pour b\u00e2tir une finance solide, inclusive et tourn\u00e9e vers l\u2019investissement productif. <\/p><p>Pendant deux jours, plus de trente conf\u00e9rences, ateliers et tables rondes ont r\u00e9uni banquiers, assureurs, fintechs, investisseurs institutionnels, d\u00e9cideurs publics et r\u00e9gulateurs pour d\u00e9battre des moyens de mobiliser et canaliser l\u2019\u00e9pargne africaine vers les secteurs cl\u00e9s de la transformation du continent : infrastructures, \u00e9nergie, agriculture, industrie et innovation num\u00e9rique.<\/p><p>Laboratoire de solutions, AFIS 2025 a aussi \u00e9t\u00e9 un espace de concr\u00e9tisation, o\u00f9 plusieurs partenariats structurants ont vu le jour. Parmi eux, une signature entre Proparco et l\u2019Union europ\u00e9enne, portant sur la cr\u00e9ation d\u2019une Facilit\u00e9 de garantie Impact (178 M\u20ac) et d\u2019une assistance technique (7,8 M\u20ac) destin\u00e9es \u00e0 soutenir les investissements durables et les entreprises \u00e0 fort impact sur le continent ; ainsi qu\u2019un accord entre le Groupe Ecobank et Proparco en faveur de l\u2019int\u00e9gration d\u2019Ecobank Tchad au programme de Trade Finance. IFC a annonc\u00e9 des investissements d\u2019un montant total de 310 millions de dollars dans des projets qui soutiendront la croissance des petites entreprises et la cr\u00e9ation d\u2019emplois dans plusieurs pays africains, y compris un m\u00e9canisme de partage des risques d\u2019un montant de 250 millions de dollars en collaboration avec la nouvelle Saham Bank ainsi qu\u2019un montage financier de 50 millions de dollars en faveur de la Suez Canal Bank.  <\/p><p>Le panel de cl\u00f4ture a r\u00e9uni quatre gouverneurs de banques centrales africaines, offrant un panorama lucide des priorit\u00e9s financi\u00e8res du continent.<\/p><p><strong>Jean-Claude Kassi Brou<\/strong>, Gouverneur, BCEAO, a d\u00e9clar\u00e9 : <em>\u00ab Les banques doivent faire davantage pour mobiliser les ressources. Nous reverrons la r\u00e9glementation si n\u00e9cessaire, mais l\u2019impulsion initiale doit venir d\u2019elles-m\u00eames. Trop souvent, elles se reposent sur les d\u00e9p\u00f4ts des gouvernements et des grandes entreprises. Elles doivent faire preuve de plus d\u2019imagination \u2013 notamment en mobilisant des ressources de long terme comme les fonds d\u2019assurance, les fonds de pension ou les obligations de la diaspora. \u00bb<\/em><\/p><p><strong>Manuel Antonio Tiago Dias<\/strong>, Gouverneur, Banco Nacional de Angola, a d\u00e9clar\u00e9 : <em>\u00ab Nous savons que la digitalisation sera au c\u0153ur de l\u2019expansion de l\u2019inclusion financi\u00e8re. La banque centrale elle-m\u00eame cherche \u00e0 int\u00e9grer l\u2019intelligence artificielle dans ses activit\u00e9s : supervision, reporting, et analyse des risques. Les banques commerciales n\u2019attendront pas que nous agissions les premiers ; nous devons donc \u00e9voluer ensemble. \u00bb<\/em><\/p><p><strong>Andr\u00e9 Wameso<\/strong>, Gouverneur de la Banque centrale du Congo, a d\u00e9clar\u00e9 : <em>\u00ab Nous devons accepter le monde tel qu\u2019il est : un monde port\u00e9 par la digitalisation. Dans des pays comme le n\u00f4tre, o\u00f9 les infrastructures industrielles sont limit\u00e9es, les nouvelles technologies peuvent nous permettre de sauter des \u00e9tapes du d\u00e9veloppement traditionnel. \u00bb<\/em><\/p><p><strong>Michael Atingi-Ego<\/strong>, Gouverneur, Bank of Uganda, a d\u00e9clar\u00e9 : <em>\u00ab Les gouvernements compliquent de plus en plus l&#8217;acc\u00e8s du secteur priv\u00e9 au cr\u00e9dit. Nous devons innover. Une voie possible consiste \u00e0 institutionnaliser les principes ESG au sein de nos syst\u00e8mes financiers. En int\u00e9grant les crit\u00e8res environnementaux, sociaux et de gouvernance, nous pouvons inciter les banques \u00e0 orienter davantage de cr\u00e9dit vers l\u2019agriculture et \u00e0 soutenir le contenu local. \u00bb<\/em><\/p><p>Lors de la cl\u00f4ture de l\u2019\u00e9v\u00e9nement, <strong>Aliou Maiga<\/strong>, Directeur r\u00e9gional pour le groupe Institutions financi\u00e8res (FIG) en Afrique de l\u2019IFC, a d\u00e9clar\u00e9 :<em> \u00ab Le secteur financier africain conna\u00eet une profonde transformation, port\u00e9e par des institutions plus solides, un meilleur acc\u00e8s au financement et un engagement croissant en faveur d\u2019une croissance inclusive. Comme l\u2019a montr\u00e9 cette \u00e9dition de l\u2019AFIS, b\u00e2tir des syst\u00e8mes financiers nationaux et r\u00e9gionaux solides n\u2019est pas seulement essentiel : c\u2019est la cl\u00e9 pour lib\u00e9rer tout le potentiel du continent. En renfor\u00e7ant ces secteurs, nous ouvrons la voie \u00e0 une Afrique capable de financer la cr\u00e9ation d\u2019emplois et le d\u00e9veloppement durable. \u00bb<\/em><\/p><p>En accueillant pour la deuxi\u00e8me ann\u00e9e cons\u00e9cutive l\u2019AFIS, le Maroc a confirm\u00e9 son r\u00f4le strat\u00e9gique dans la construction d\u2019un hub financier africain int\u00e9gr\u00e9, alliant stabilit\u00e9, innovation et ouverture continentale. Les r\u00e9flexions engag\u00e9es \u00e0 Casablanca se poursuivront en mai prochain \u00e0 Kigali, \u00e0 l\u2019occasion de l\u2019Africa CEO Forum, qui rassemblera \u00e0 nouveau les principaux acteurs \u00e9conomiques du continent. <\/p>\t\t\t\t\t\t\t\t<\/div>\n\t\t\t\t\t<\/div>\n\t\t\t\t<\/div>\n\t\t<div class=\"elementor-element elementor-element-61c17af e-flex e-con-boxed e-con e-parent\" data-id=\"61c17af\" data-element_type=\"container\" data-e-type=\"container\">\n\t\t\t\t\t<div class=\"e-con-inner\">\n\t\t\t\t<div class=\"elementor-element elementor-element-993e870 elementor-widget-divider--view-line elementor-widget elementor-widget-divider\" data-id=\"993e870\" data-element_type=\"widget\" data-e-type=\"widget\" data-widget_type=\"divider.default\">\n\t\t\t\t\t\t\t<div class=\"elementor-divider\">\n\t\t\t<span class=\"elementor-divider-separator\">\n\t\t\t\t\t\t<\/span>\n\t\t<\/div>\n\t\t\t\t\t\t<\/div>\n\t\t\t\t\t<\/div>\n\t\t\t\t<\/div>\n\t\t<div class=\"elementor-element elementor-element-8992ccb e-flex e-con-boxed e-con e-parent\" data-id=\"8992ccb\" data-element_type=\"container\" data-e-type=\"container\">\n\t\t\t\t\t<div class=\"e-con-inner\">\n\t\t\t\t<div class=\"elementor-element elementor-element-a5ac20e elementor-widget elementor-widget-text-editor\" data-id=\"a5ac20e\" data-element_type=\"widget\" data-e-type=\"widget\" data-widget_type=\"text-editor.default\">\n\t\t\t\t\t\t\t\t\t<p><strong>\u00c0 propos de l\u2019Africa Financial Summit (AFIS)<\/strong><\/p><p>Fond\u00e9 par Jeune Afrique Media Group en 2021, avec le soutien de l\u2019IFC, l\u2019Africa Financial Summit-AFIS est une organisation s\u0153ur de l\u2019Africa CEO Forum, la principale plateforme du secteur priv\u00e9 africain. L\u2019AFIS vise \u00e0 b\u00e2tir une industrie financi\u00e8re solide au service de l\u2019\u00e9conomie r\u00e9elle et du d\u00e9veloppement durable. Rassemblant les personnalit\u00e9s et institutions les plus influentes de la finance africaine ainsi que les r\u00e9gulateurs, l\u2019AFIS \u0153uvre pour renforcer l\u2019inclusion financi\u00e8re et favoriser l\u2019\u00e9mergence d\u2019un v\u00e9ritable secteur de services financiers panafricain. Pour de plus amples informations, consulter le site <a href=\"https:\/\/www.afis.africa\/fr\/afis-2025\/annual-summit\/\">https:\/\/www.afis.africa\/<\/a>.   <\/p><p><strong>\u00c0 propos de la Soci\u00e9t\u00e9 financi\u00e8re internationale (IFC)<\/strong><\/p><p>La Soci\u00e9t\u00e9 financi\u00e8re internationale (IFC), membre du Groupe de la Banque mondiale, est la principale institution de d\u00e9veloppement ax\u00e9e sur le secteur priv\u00e9 dans les pays \u00e9mergents. Elle m\u00e8ne des op\u00e9rations dans plus d\u2019une centaine de pays, consacrant son capital, ses comp\u00e9tences et son influence \u00e0 la cr\u00e9ation de march\u00e9s et d\u2019opportunit\u00e9s dans les pays en d\u00e9veloppement. Au cours de l\u2019exercice 2025, IFC a engag\u00e9 un montant record de 71,7 milliards de dollars en faveur de soci\u00e9t\u00e9s priv\u00e9es et d\u2019institutions financi\u00e8res dans des pays en d\u00e9veloppement, en s&#8217;appuyant sur des solutions du secteur priv\u00e9 et en mobilisant des capitaux priv\u00e9s pour cr\u00e9er un monde sans pauvret\u00e9 sur une plan\u00e8te vivable. Pour de plus amples informations, consulter le site<a href=\"http:\/\/www.ifc.org\"> www.ifc.org<\/a>.   <\/p>\t\t\t\t\t\t\t\t<\/div>\n\t\t\t\t<div class=\"elementor-element elementor-element-053b375 elementor-widget-divider--view-line elementor-widget elementor-widget-divider\" data-id=\"053b375\" data-element_type=\"widget\" data-e-type=\"widget\" data-widget_type=\"divider.default\">\n\t\t\t\t\t\t\t<div class=\"elementor-divider\">\n\t\t\t<span class=\"elementor-divider-separator\">\n\t\t\t\t\t\t<\/span>\n\t\t<\/div>\n\t\t\t\t\t\t<\/div>\n\t\t\t\t\t<\/div>\n\t\t\t\t<\/div>\n\t\t<div class=\"elementor-element elementor-element-3502c5b e-flex e-con-boxed e-con e-parent\" data-id=\"3502c5b\" data-element_type=\"container\" data-e-type=\"container\">\n\t\t\t\t\t<div class=\"e-con-inner\">\n\t\t\t\t<div class=\"elementor-element elementor-element-2e408c3 elementor-widget elementor-widget-text-editor\" data-id=\"2e408c3\" data-element_type=\"widget\" data-e-type=\"widget\" data-widget_type=\"text-editor.default\">\n\t\t\t\t\t\t\t\t\t<p><strong>Contacts presse<\/strong><\/p><p>Soukaina Harti \u2013 <a href=\"mailto:s.harti@jeuneafrique.com\">s.harti@jeuneafrique.com<\/a><\/p><p>Thibaut Cabrera \u2013 <a href=\"mailto:t.cabrera.ext@jeuneafrique.com\">t.cabrera.ext@jeuneafrique.com<\/a><\/p>\t\t\t\t\t\t\t\t<\/div>\n\t\t\t\t\t<\/div>\n\t\t\t\t<\/div>\n\t\t\t\t<\/div>\n\t\t","protected":false},"excerpt":{"rendered":"<p>Casablanca, le 5 novembre 2025 \u2013 La cinqui\u00e8me \u00e9dition de l\u2019Africa Financial Summit (AFIS) s\u2019est achev\u00e9e hier soir \u00e0 Casablanca, au terme de deux jours d\u2019\u00e9changes et de d\u00e9bats r\u00e9unissant plus de 1250 d\u00e9cideurs financiers, ministres, gouverneurs de banques centrales, dirigeants d\u2019institutions r\u00e9gionales et acteurs du secteur priv\u00e9 venus de tout le continent et du [&hellip;]<\/p>\n","protected":false},"author":5,"featured_media":372129,"comment_status":"open","ping_status":"open","sticky":false,"template":"","format":"standard","meta":{"_acf_changed":false,"footnotes":""},"categories":[89],"tags":[],"class_list":["post-372139","post","type-post","status-publish","format-standard","has-post-thumbnail","hentry","category-communique-presse"],"acf":[],"yoast_head":"<!-- This site is optimized with the Yoast SEO plugin v27.3 - https:\/\/yoast.com\/product\/yoast-seo-wordpress\/ -->\n<title>Communiqu\u00e9 de presse : \u00c0 Casablanca, AFIS 2025 conclut ses travaux en tra\u00e7ant la voie d\u2019une finance africaine int\u00e9gr\u00e9e misant sur son capital - The African Financial Summit Platform<\/title>\n<meta name=\"robots\" content=\"index, follow, max-snippet:-1, max-image-preview:large, max-video-preview:-1\" \/>\n<link rel=\"canonical\" href=\"https:\/\/www.afis.africa\/fr\/communique-de-presse-a-casablanca-afis-2025-conclut-ses-travaux-en-tracant-la-voie-dune-finance-africaine-integree-misant-sur-son-capital\/\" \/>\n<meta property=\"og:locale\" content=\"fr_FR\" \/>\n<meta property=\"og:type\" content=\"article\" \/>\n<meta property=\"og:title\" content=\"Communiqu\u00e9 de presse : \u00c0 Casablanca, AFIS 2025 conclut ses travaux en tra\u00e7ant la voie d\u2019une finance africaine int\u00e9gr\u00e9e misant sur son capital - The African Financial Summit Platform\" \/>\n<meta property=\"og:description\" content=\"Casablanca, le 5 novembre 2025 \u2013 La cinqui\u00e8me \u00e9dition de l\u2019Africa Financial Summit (AFIS) s\u2019est achev\u00e9e hier soir \u00e0 Casablanca, au terme de deux jours d\u2019\u00e9changes et de d\u00e9bats r\u00e9unissant plus de 1250 d\u00e9cideurs financiers, ministres, gouverneurs de banques centrales, dirigeants d\u2019institutions r\u00e9gionales et acteurs du secteur priv\u00e9 venus de tout le continent et du [&hellip;]\" \/>\n<meta property=\"og:url\" content=\"https:\/\/www.afis.africa\/fr\/communique-de-presse-a-casablanca-afis-2025-conclut-ses-travaux-en-tracant-la-voie-dune-finance-africaine-integree-misant-sur-son-capital\/\" \/>\n<meta property=\"og:site_name\" content=\"The African Financial Summit Platform\" \/>\n<meta property=\"article:published_time\" content=\"2025-11-06T08:51:46+00:00\" \/>\n<meta property=\"article:modified_time\" content=\"2025-11-06T12:27:48+00:00\" \/>\n<meta property=\"og:image\" content=\"https:\/\/www.afis.africa\/wp-content\/uploads\/2025\/11\/Tribune-La-micro-epargne-digitale-a-besoin-dune-trajectoire-claire-pour-dynamiser-les-economies-africaines-3-1024x576.png\" \/>\n\t<meta property=\"og:image:width\" content=\"1024\" \/>\n\t<meta property=\"og:image:height\" content=\"576\" \/>\n\t<meta property=\"og:image:type\" content=\"image\/png\" \/>\n<meta name=\"author\" content=\"Samuel SAUVAGEAU AUDET\" \/>\n<meta name=\"twitter:card\" content=\"summary_large_image\" \/>\n<meta name=\"twitter:label1\" content=\"\u00c9crit par\" \/>\n\t<meta name=\"twitter:data1\" content=\"Samuel SAUVAGEAU AUDET\" \/>\n\t<meta name=\"twitter:label2\" content=\"Dur\u00e9e de lecture estim\u00e9e\" \/>\n\t<meta name=\"twitter:data2\" content=\"6 minutes\" \/>\n<script type=\"application\/ld+json\" class=\"yoast-schema-graph\">{\"@context\":\"https:\\\/\\\/schema.org\",\"@graph\":[{\"@type\":\"Article\",\"@id\":\"https:\\\/\\\/www.afis.africa\\\/fr\\\/communique-de-presse-a-casablanca-afis-2025-conclut-ses-travaux-en-tracant-la-voie-dune-finance-africaine-integree-misant-sur-son-capital\\\/#article\",\"isPartOf\":{\"@id\":\"https:\\\/\\\/www.afis.africa\\\/fr\\\/communique-de-presse-a-casablanca-afis-2025-conclut-ses-travaux-en-tracant-la-voie-dune-finance-africaine-integree-misant-sur-son-capital\\\/\"},\"author\":{\"name\":\"Samuel SAUVAGEAU AUDET\",\"@id\":\"https:\\\/\\\/www.afis.africa\\\/fr\\\/#\\\/schema\\\/person\\\/74a4965736a4a297588caad935a6d448\"},\"headline\":\"Communiqu\u00e9 de presse : \u00c0 Casablanca, AFIS 2025 conclut ses travaux en tra\u00e7ant la voie d\u2019une finance africaine int\u00e9gr\u00e9e misant sur son capital\",\"datePublished\":\"2025-11-06T08:51:46+00:00\",\"dateModified\":\"2025-11-06T12:27:48+00:00\",\"mainEntityOfPage\":{\"@id\":\"https:\\\/\\\/www.afis.africa\\\/fr\\\/communique-de-presse-a-casablanca-afis-2025-conclut-ses-travaux-en-tracant-la-voie-dune-finance-africaine-integree-misant-sur-son-capital\\\/\"},\"wordCount\":1181,\"commentCount\":0,\"publisher\":{\"@id\":\"https:\\\/\\\/www.afis.africa\\\/fr\\\/#organization\"},\"image\":{\"@id\":\"https:\\\/\\\/www.afis.africa\\\/fr\\\/communique-de-presse-a-casablanca-afis-2025-conclut-ses-travaux-en-tracant-la-voie-dune-finance-africaine-integree-misant-sur-son-capital\\\/#primaryimage\"},\"thumbnailUrl\":\"https:\\\/\\\/www.afis.africa\\\/wp-content\\\/uploads\\\/2025\\\/11\\\/Tribune-La-micro-epargne-digitale-a-besoin-dune-trajectoire-claire-pour-dynamiser-les-economies-africaines-3.png\",\"articleSection\":[\"Communiqu\u00e9 de presse\"],\"inLanguage\":\"fr-FR\",\"potentialAction\":[{\"@type\":\"CommentAction\",\"name\":\"Comment\",\"target\":[\"https:\\\/\\\/www.afis.africa\\\/fr\\\/communique-de-presse-a-casablanca-afis-2025-conclut-ses-travaux-en-tracant-la-voie-dune-finance-africaine-integree-misant-sur-son-capital\\\/#respond\"]}]},{\"@type\":\"WebPage\",\"@id\":\"https:\\\/\\\/www.afis.africa\\\/fr\\\/communique-de-presse-a-casablanca-afis-2025-conclut-ses-travaux-en-tracant-la-voie-dune-finance-africaine-integree-misant-sur-son-capital\\\/\",\"url\":\"https:\\\/\\\/www.afis.africa\\\/fr\\\/communique-de-presse-a-casablanca-afis-2025-conclut-ses-travaux-en-tracant-la-voie-dune-finance-africaine-integree-misant-sur-son-capital\\\/\",\"name\":\"Communiqu\u00e9 de presse : \u00c0 Casablanca, AFIS 2025 conclut ses travaux en tra\u00e7ant la voie d\u2019une finance africaine int\u00e9gr\u00e9e misant sur son capital - The African Financial Summit Platform\",\"isPartOf\":{\"@id\":\"https:\\\/\\\/www.afis.africa\\\/fr\\\/#website\"},\"primaryImageOfPage\":{\"@id\":\"https:\\\/\\\/www.afis.africa\\\/fr\\\/communique-de-presse-a-casablanca-afis-2025-conclut-ses-travaux-en-tracant-la-voie-dune-finance-africaine-integree-misant-sur-son-capital\\\/#primaryimage\"},\"image\":{\"@id\":\"https:\\\/\\\/www.afis.africa\\\/fr\\\/communique-de-presse-a-casablanca-afis-2025-conclut-ses-travaux-en-tracant-la-voie-dune-finance-africaine-integree-misant-sur-son-capital\\\/#primaryimage\"},\"thumbnailUrl\":\"https:\\\/\\\/www.afis.africa\\\/wp-content\\\/uploads\\\/2025\\\/11\\\/Tribune-La-micro-epargne-digitale-a-besoin-dune-trajectoire-claire-pour-dynamiser-les-economies-africaines-3.png\",\"datePublished\":\"2025-11-06T08:51:46+00:00\",\"dateModified\":\"2025-11-06T12:27:48+00:00\",\"breadcrumb\":{\"@id\":\"https:\\\/\\\/www.afis.africa\\\/fr\\\/communique-de-presse-a-casablanca-afis-2025-conclut-ses-travaux-en-tracant-la-voie-dune-finance-africaine-integree-misant-sur-son-capital\\\/#breadcrumb\"},\"inLanguage\":\"fr-FR\",\"potentialAction\":[{\"@type\":\"ReadAction\",\"target\":[\"https:\\\/\\\/www.afis.africa\\\/fr\\\/communique-de-presse-a-casablanca-afis-2025-conclut-ses-travaux-en-tracant-la-voie-dune-finance-africaine-integree-misant-sur-son-capital\\\/\"]}]},{\"@type\":\"ImageObject\",\"inLanguage\":\"fr-FR\",\"@id\":\"https:\\\/\\\/www.afis.africa\\\/fr\\\/communique-de-presse-a-casablanca-afis-2025-conclut-ses-travaux-en-tracant-la-voie-dune-finance-africaine-integree-misant-sur-son-capital\\\/#primaryimage\",\"url\":\"https:\\\/\\\/www.afis.africa\\\/wp-content\\\/uploads\\\/2025\\\/11\\\/Tribune-La-micro-epargne-digitale-a-besoin-dune-trajectoire-claire-pour-dynamiser-les-economies-africaines-3.png\",\"contentUrl\":\"https:\\\/\\\/www.afis.africa\\\/wp-content\\\/uploads\\\/2025\\\/11\\\/Tribune-La-micro-epargne-digitale-a-besoin-dune-trajectoire-claire-pour-dynamiser-les-economies-africaines-3.png\",\"width\":1920,\"height\":1080},{\"@type\":\"BreadcrumbList\",\"@id\":\"https:\\\/\\\/www.afis.africa\\\/fr\\\/communique-de-presse-a-casablanca-afis-2025-conclut-ses-travaux-en-tracant-la-voie-dune-finance-africaine-integree-misant-sur-son-capital\\\/#breadcrumb\",\"itemListElement\":[{\"@type\":\"ListItem\",\"position\":1,\"name\":\"Home\",\"item\":\"https:\\\/\\\/www.afis.africa\\\/fr\\\/\"},{\"@type\":\"ListItem\",\"position\":2,\"name\":\"Communiqu\u00e9 de presse : \u00c0 Casablanca, AFIS 2025 conclut ses travaux en tra\u00e7ant la voie d\u2019une finance africaine int\u00e9gr\u00e9e misant sur son capital\"}]},{\"@type\":\"WebSite\",\"@id\":\"https:\\\/\\\/www.afis.africa\\\/fr\\\/#website\",\"url\":\"https:\\\/\\\/www.afis.africa\\\/fr\\\/\",\"name\":\"The African Financial Summit Platform\",\"description\":\"\",\"publisher\":{\"@id\":\"https:\\\/\\\/www.afis.africa\\\/fr\\\/#organization\"},\"potentialAction\":[{\"@type\":\"SearchAction\",\"target\":{\"@type\":\"EntryPoint\",\"urlTemplate\":\"https:\\\/\\\/www.afis.africa\\\/fr\\\/?s={search_term_string}\"},\"query-input\":{\"@type\":\"PropertyValueSpecification\",\"valueRequired\":true,\"valueName\":\"search_term_string\"}}],\"inLanguage\":\"fr-FR\"},{\"@type\":\"Organization\",\"@id\":\"https:\\\/\\\/www.afis.africa\\\/fr\\\/#organization\",\"name\":\"The African Financial Summit Platform\",\"url\":\"https:\\\/\\\/www.afis.africa\\\/fr\\\/\",\"logo\":{\"@type\":\"ImageObject\",\"inLanguage\":\"fr-FR\",\"@id\":\"https:\\\/\\\/www.afis.africa\\\/fr\\\/#\\\/schema\\\/logo\\\/image\\\/\",\"url\":\"https:\\\/\\\/www.afis.africa\\\/wp-content\\\/uploads\\\/2022\\\/10\\\/cropped-AFIS-1-1.jpg\",\"contentUrl\":\"https:\\\/\\\/www.afis.africa\\\/wp-content\\\/uploads\\\/2022\\\/10\\\/cropped-AFIS-1-1.jpg\",\"width\":529,\"height\":191,\"caption\":\"The African Financial Summit Platform\"},\"image\":{\"@id\":\"https:\\\/\\\/www.afis.africa\\\/fr\\\/#\\\/schema\\\/logo\\\/image\\\/\"}},{\"@type\":\"Person\",\"@id\":\"https:\\\/\\\/www.afis.africa\\\/fr\\\/#\\\/schema\\\/person\\\/74a4965736a4a297588caad935a6d448\",\"name\":\"Samuel SAUVAGEAU AUDET\",\"image\":{\"@type\":\"ImageObject\",\"inLanguage\":\"fr-FR\",\"@id\":\"https:\\\/\\\/secure.gravatar.com\\\/avatar\\\/6bc8de1f52d11d0d0c8962297aed912ab8b4077eef5c6c41504b641b7a7c1121?s=96&d=mm&r=g\",\"url\":\"https:\\\/\\\/secure.gravatar.com\\\/avatar\\\/6bc8de1f52d11d0d0c8962297aed912ab8b4077eef5c6c41504b641b7a7c1121?s=96&d=mm&r=g\",\"contentUrl\":\"https:\\\/\\\/secure.gravatar.com\\\/avatar\\\/6bc8de1f52d11d0d0c8962297aed912ab8b4077eef5c6c41504b641b7a7c1121?s=96&d=mm&r=g\",\"caption\":\"Samuel SAUVAGEAU AUDET\"},\"url\":\"https:\\\/\\\/www.afis.africa\\\/fr\\\/author\\\/s-sauvageau-audetjeuneafrique-com\\\/\"}]}<\/script>\n<!-- \/ Yoast SEO plugin. -->","yoast_head_json":{"title":"Communiqu\u00e9 de presse : \u00c0 Casablanca, AFIS 2025 conclut ses travaux en tra\u00e7ant la voie d\u2019une finance africaine int\u00e9gr\u00e9e misant sur son capital - The African Financial Summit Platform","robots":{"index":"index","follow":"follow","max-snippet":"max-snippet:-1","max-image-preview":"max-image-preview:large","max-video-preview":"max-video-preview:-1"},"canonical":"https:\/\/www.afis.africa\/fr\/communique-de-presse-a-casablanca-afis-2025-conclut-ses-travaux-en-tracant-la-voie-dune-finance-africaine-integree-misant-sur-son-capital\/","og_locale":"fr_FR","og_type":"article","og_title":"Communiqu\u00e9 de presse : \u00c0 Casablanca, AFIS 2025 conclut ses travaux en tra\u00e7ant la voie d\u2019une finance africaine int\u00e9gr\u00e9e misant sur son capital - The African Financial Summit Platform","og_description":"Casablanca, le 5 novembre 2025 \u2013 La cinqui\u00e8me \u00e9dition de l\u2019Africa Financial Summit (AFIS) s\u2019est achev\u00e9e hier soir \u00e0 Casablanca, au terme de deux jours d\u2019\u00e9changes et de d\u00e9bats r\u00e9unissant plus de 1250 d\u00e9cideurs financiers, ministres, gouverneurs de banques centrales, dirigeants d\u2019institutions r\u00e9gionales et acteurs du secteur priv\u00e9 venus de tout le continent et du [&hellip;]","og_url":"https:\/\/www.afis.africa\/fr\/communique-de-presse-a-casablanca-afis-2025-conclut-ses-travaux-en-tracant-la-voie-dune-finance-africaine-integree-misant-sur-son-capital\/","og_site_name":"The African Financial Summit Platform","article_published_time":"2025-11-06T08:51:46+00:00","article_modified_time":"2025-11-06T12:27:48+00:00","og_image":[{"width":1024,"height":576,"url":"https:\/\/www.afis.africa\/wp-content\/uploads\/2025\/11\/Tribune-La-micro-epargne-digitale-a-besoin-dune-trajectoire-claire-pour-dynamiser-les-economies-africaines-3-1024x576.png","type":"image\/png"}],"author":"Samuel SAUVAGEAU AUDET","twitter_card":"summary_large_image","twitter_misc":{"\u00c9crit par":"Samuel SAUVAGEAU AUDET","Dur\u00e9e de lecture estim\u00e9e":"6 minutes"},"schema":{"@context":"https:\/\/schema.org","@graph":[{"@type":"Article","@id":"https:\/\/www.afis.africa\/fr\/communique-de-presse-a-casablanca-afis-2025-conclut-ses-travaux-en-tracant-la-voie-dune-finance-africaine-integree-misant-sur-son-capital\/#article","isPartOf":{"@id":"https:\/\/www.afis.africa\/fr\/communique-de-presse-a-casablanca-afis-2025-conclut-ses-travaux-en-tracant-la-voie-dune-finance-africaine-integree-misant-sur-son-capital\/"},"author":{"name":"Samuel SAUVAGEAU AUDET","@id":"https:\/\/www.afis.africa\/fr\/#\/schema\/person\/74a4965736a4a297588caad935a6d448"},"headline":"Communiqu\u00e9 de presse : \u00c0 Casablanca, AFIS 2025 conclut ses travaux en tra\u00e7ant la voie d\u2019une finance africaine int\u00e9gr\u00e9e misant sur son capital","datePublished":"2025-11-06T08:51:46+00:00","dateModified":"2025-11-06T12:27:48+00:00","mainEntityOfPage":{"@id":"https:\/\/www.afis.africa\/fr\/communique-de-presse-a-casablanca-afis-2025-conclut-ses-travaux-en-tracant-la-voie-dune-finance-africaine-integree-misant-sur-son-capital\/"},"wordCount":1181,"commentCount":0,"publisher":{"@id":"https:\/\/www.afis.africa\/fr\/#organization"},"image":{"@id":"https:\/\/www.afis.africa\/fr\/communique-de-presse-a-casablanca-afis-2025-conclut-ses-travaux-en-tracant-la-voie-dune-finance-africaine-integree-misant-sur-son-capital\/#primaryimage"},"thumbnailUrl":"https:\/\/www.afis.africa\/wp-content\/uploads\/2025\/11\/Tribune-La-micro-epargne-digitale-a-besoin-dune-trajectoire-claire-pour-dynamiser-les-economies-africaines-3.png","articleSection":["Communiqu\u00e9 de presse"],"inLanguage":"fr-FR","potentialAction":[{"@type":"CommentAction","name":"Comment","target":["https:\/\/www.afis.africa\/fr\/communique-de-presse-a-casablanca-afis-2025-conclut-ses-travaux-en-tracant-la-voie-dune-finance-africaine-integree-misant-sur-son-capital\/#respond"]}]},{"@type":"WebPage","@id":"https:\/\/www.afis.africa\/fr\/communique-de-presse-a-casablanca-afis-2025-conclut-ses-travaux-en-tracant-la-voie-dune-finance-africaine-integree-misant-sur-son-capital\/","url":"https:\/\/www.afis.africa\/fr\/communique-de-presse-a-casablanca-afis-2025-conclut-ses-travaux-en-tracant-la-voie-dune-finance-africaine-integree-misant-sur-son-capital\/","name":"Communiqu\u00e9 de presse : \u00c0 Casablanca, AFIS 2025 conclut ses travaux en tra\u00e7ant la voie d\u2019une finance africaine int\u00e9gr\u00e9e misant sur son capital - The African Financial Summit Platform","isPartOf":{"@id":"https:\/\/www.afis.africa\/fr\/#website"},"primaryImageOfPage":{"@id":"https:\/\/www.afis.africa\/fr\/communique-de-presse-a-casablanca-afis-2025-conclut-ses-travaux-en-tracant-la-voie-dune-finance-africaine-integree-misant-sur-son-capital\/#primaryimage"},"image":{"@id":"https:\/\/www.afis.africa\/fr\/communique-de-presse-a-casablanca-afis-2025-conclut-ses-travaux-en-tracant-la-voie-dune-finance-africaine-integree-misant-sur-son-capital\/#primaryimage"},"thumbnailUrl":"https:\/\/www.afis.africa\/wp-content\/uploads\/2025\/11\/Tribune-La-micro-epargne-digitale-a-besoin-dune-trajectoire-claire-pour-dynamiser-les-economies-africaines-3.png","datePublished":"2025-11-06T08:51:46+00:00","dateModified":"2025-11-06T12:27:48+00:00","breadcrumb":{"@id":"https:\/\/www.afis.africa\/fr\/communique-de-presse-a-casablanca-afis-2025-conclut-ses-travaux-en-tracant-la-voie-dune-finance-africaine-integree-misant-sur-son-capital\/#breadcrumb"},"inLanguage":"fr-FR","potentialAction":[{"@type":"ReadAction","target":["https:\/\/www.afis.africa\/fr\/communique-de-presse-a-casablanca-afis-2025-conclut-ses-travaux-en-tracant-la-voie-dune-finance-africaine-integree-misant-sur-son-capital\/"]}]},{"@type":"ImageObject","inLanguage":"fr-FR","@id":"https:\/\/www.afis.africa\/fr\/communique-de-presse-a-casablanca-afis-2025-conclut-ses-travaux-en-tracant-la-voie-dune-finance-africaine-integree-misant-sur-son-capital\/#primaryimage","url":"https:\/\/www.afis.africa\/wp-content\/uploads\/2025\/11\/Tribune-La-micro-epargne-digitale-a-besoin-dune-trajectoire-claire-pour-dynamiser-les-economies-africaines-3.png","contentUrl":"https:\/\/www.afis.africa\/wp-content\/uploads\/2025\/11\/Tribune-La-micro-epargne-digitale-a-besoin-dune-trajectoire-claire-pour-dynamiser-les-economies-africaines-3.png","width":1920,"height":1080},{"@type":"BreadcrumbList","@id":"https:\/\/www.afis.africa\/fr\/communique-de-presse-a-casablanca-afis-2025-conclut-ses-travaux-en-tracant-la-voie-dune-finance-africaine-integree-misant-sur-son-capital\/#breadcrumb","itemListElement":[{"@type":"ListItem","position":1,"name":"Home","item":"https:\/\/www.afis.africa\/fr\/"},{"@type":"ListItem","position":2,"name":"Communiqu\u00e9 de presse : \u00c0 Casablanca, AFIS 2025 conclut ses travaux en tra\u00e7ant la voie d\u2019une finance africaine int\u00e9gr\u00e9e misant sur son capital"}]},{"@type":"WebSite","@id":"https:\/\/www.afis.africa\/fr\/#website","url":"https:\/\/www.afis.africa\/fr\/","name":"The African Financial Summit Platform","description":"","publisher":{"@id":"https:\/\/www.afis.africa\/fr\/#organization"},"potentialAction":[{"@type":"SearchAction","target":{"@type":"EntryPoint","urlTemplate":"https:\/\/www.afis.africa\/fr\/?s={search_term_string}"},"query-input":{"@type":"PropertyValueSpecification","valueRequired":true,"valueName":"search_term_string"}}],"inLanguage":"fr-FR"},{"@type":"Organization","@id":"https:\/\/www.afis.africa\/fr\/#organization","name":"The African Financial Summit Platform","url":"https:\/\/www.afis.africa\/fr\/","logo":{"@type":"ImageObject","inLanguage":"fr-FR","@id":"https:\/\/www.afis.africa\/fr\/#\/schema\/logo\/image\/","url":"https:\/\/www.afis.africa\/wp-content\/uploads\/2022\/10\/cropped-AFIS-1-1.jpg","contentUrl":"https:\/\/www.afis.africa\/wp-content\/uploads\/2022\/10\/cropped-AFIS-1-1.jpg","width":529,"height":191,"caption":"The African Financial Summit Platform"},"image":{"@id":"https:\/\/www.afis.africa\/fr\/#\/schema\/logo\/image\/"}},{"@type":"Person","@id":"https:\/\/www.afis.africa\/fr\/#\/schema\/person\/74a4965736a4a297588caad935a6d448","name":"Samuel SAUVAGEAU AUDET","image":{"@type":"ImageObject","inLanguage":"fr-FR","@id":"https:\/\/secure.gravatar.com\/avatar\/6bc8de1f52d11d0d0c8962297aed912ab8b4077eef5c6c41504b641b7a7c1121?s=96&d=mm&r=g","url":"https:\/\/secure.gravatar.com\/avatar\/6bc8de1f52d11d0d0c8962297aed912ab8b4077eef5c6c41504b641b7a7c1121?s=96&d=mm&r=g","contentUrl":"https:\/\/secure.gravatar.com\/avatar\/6bc8de1f52d11d0d0c8962297aed912ab8b4077eef5c6c41504b641b7a7c1121?s=96&d=mm&r=g","caption":"Samuel SAUVAGEAU AUDET"},"url":"https:\/\/www.afis.africa\/fr\/author\/s-sauvageau-audetjeuneafrique-com\/"}]}},"_links":{"self":[{"href":"https:\/\/www.afis.africa\/fr\/wp-json\/wp\/v2\/posts\/372139","targetHints":{"allow":["GET"]}}],"collection":[{"href":"https:\/\/www.afis.africa\/fr\/wp-json\/wp\/v2\/posts"}],"about":[{"href":"https:\/\/www.afis.africa\/fr\/wp-json\/wp\/v2\/types\/post"}],"author":[{"embeddable":true,"href":"https:\/\/www.afis.africa\/fr\/wp-json\/wp\/v2\/users\/5"}],"replies":[{"embeddable":true,"href":"https:\/\/www.afis.africa\/fr\/wp-json\/wp\/v2\/comments?post=372139"}],"version-history":[{"count":2,"href":"https:\/\/www.afis.africa\/fr\/wp-json\/wp\/v2\/posts\/372139\/revisions"}],"predecessor-version":[{"id":381232,"href":"https:\/\/www.afis.africa\/fr\/wp-json\/wp\/v2\/posts\/372139\/revisions\/381232"}],"wp:featuredmedia":[{"embeddable":true,"href":"https:\/\/www.afis.africa\/fr\/wp-json\/wp\/v2\/media\/372129"}],"wp:attachment":[{"href":"https:\/\/www.afis.africa\/fr\/wp-json\/wp\/v2\/media?parent=372139"}],"wp:term":[{"taxonomy":"category","embeddable":true,"href":"https:\/\/www.afis.africa\/fr\/wp-json\/wp\/v2\/categories?post=372139"},{"taxonomy":"post_tag","embeddable":true,"href":"https:\/\/www.afis.africa\/fr\/wp-json\/wp\/v2\/tags?post=372139"}],"curies":[{"name":"wp","href":"https:\/\/api.w.org\/{rel}","templated":true}]}}